{"id":21104,"date":"2024-11-27T12:04:53","date_gmt":"2024-11-27T15:04:53","guid":{"rendered":"https:\/\/dgospel.com.br\/portal\/?p=21104"},"modified":"2024-11-27T12:04:54","modified_gmt":"2024-11-27T15:04:54","slug":"leo-barbosa-apresenta-projeto-de-lei-para-instituir-o-dia-estadual-do-cerrado-no-tocantins","status":"publish","type":"post","link":"https:\/\/dgospel.com.br\/portal\/index.php\/2024\/11\/27\/leo-barbosa-apresenta-projeto-de-lei-para-instituir-o-dia-estadual-do-cerrado-no-tocantins\/","title":{"rendered":"L\u00e9o Barbosa apresenta Projeto de Lei para Instituir o \u201cDia Estadual do Cerrado\u201d no Tocantins"},"content":{"rendered":"\n<p>Na Sess\u00e3o Ordin\u00e1ria desta ter\u00e7a-feira, 26, na Assembleia Legislativa do Estado do Tocantins (Aleto), o deputado estadual L\u00e9o Barbosa (Republicanos) apresentou um novo Projeto de Lei que visa instituir o Dia Estadual do Cerrado. A proposta pretende celebrar a data anualmente em 11 de setembro, com o objetivo de conscientizar a popula\u00e7\u00e3o sobre a import\u00e2ncia da conserva\u00e7\u00e3o ambiental, com \u00eanfase especial na preserva\u00e7\u00e3o do bioma Cerrado.<\/p>\n\n\n\n<p>Segundo o deputado L\u00e9o Barbosa, o projeto surge da necessidade de aumentar a conscientiza\u00e7\u00e3o sobre os desafios ambientais que o Cerrado enfrenta, incluindo o desmatamento, as queimadas e as mudan\u00e7as clim\u00e1ticas. &#8220;O Cerrado \u00e9 um dos biomas mais ricos em biodiversidade do mundo, mas tamb\u00e9m \u00e9 um dos mais amea\u00e7ados.&nbsp;\u00c9 fundamental que compreendamos a import\u00e2ncia de todos na prote\u00e7\u00e3o ambiental. Atrav\u00e9s da educa\u00e7\u00e3o e da conscientiza\u00e7\u00e3o, podemos assegurar a preserva\u00e7\u00e3o do Cerrado para as pr\u00f3ximas gera\u00e7\u00f5es&#8221;,&nbsp;afirmou o parlamentar.<\/p>\n\n\n\n<p>O projeto de lei detalha uma s\u00e9rie de atividades educativas e culturais que dever\u00e3o marcar o Dia Estadual do Cerrado, a serem realizadas em parceria com institui\u00e7\u00f5es p\u00fablicas e privadas, focando na conscientiza\u00e7\u00e3o ambiental e valoriza\u00e7\u00e3o do bioma. Entre as a\u00e7\u00f5es propostas est\u00e3o campanhas de sensibiliza\u00e7\u00e3o sobre os impactos do desmatamento e mudan\u00e7as clim\u00e1ticas, incentivo \u00e0 ado\u00e7\u00e3o de pr\u00e1ticas sustent\u00e1veis de produ\u00e7\u00e3o e consumo, palestras, oficinas e debates sobre a biodiversidade e recursos h\u00eddricos do Cerrado, atividades de reflorestamento e manejo sustent\u00e1vel, al\u00e9m de exposi\u00e7\u00f5es culturais, cient\u00edficas e art\u00edsticas relacionadas ao bioma.<\/p>\n\n\n\n<p>A mat\u00e9ria tamb\u00e9m prev\u00ea a incorpora\u00e7\u00e3o de a\u00e7\u00f5es de conscientiza\u00e7\u00e3o e preserva\u00e7\u00e3o ambiental aos projetos pedag\u00f3gicos das escolas estaduais. De acordo com o texto, essas atividades devem ser desenvolvidas de forma interdisciplinar, incentivando o protagonismo dos alunos nas a\u00e7\u00f5es de conserva\u00e7\u00e3o ambiental.<\/p>\n\n\n\n<p>A iniciativa ser\u00e1 agora discutida em Comiss\u00f5es antes de ser levada \u00e0 vota\u00e7\u00e3o no plen\u00e1rio da Assembleia Legislativa. Caso aprovado, o Dia Estadual do Cerrado se tornar\u00e1 uma data oficial no calend\u00e1rio do estado, promovendo uma maior mobiliza\u00e7\u00e3o em torno da conserva\u00e7\u00e3o ambiental no Tocantins.<\/p>\n","protected":false},"excerpt":{"rendered":"<p>Na Sess\u00e3o Ordin\u00e1ria desta ter\u00e7a-feira, 26, na Assembleia Legislativa do Estado do Tocantins (Aleto), o deputado estadual L\u00e9o Barbosa (Republicanos) apresentou um novo Projeto de Lei que visa instituir o Dia Estadual do Cerrado. A proposta pretende celebrar a data anualmente em 11 de setembro, com o objetivo de conscientizar a popula\u00e7\u00e3o sobre a import\u00e2ncia [&hellip;]<\/p>\n","protected":false},"author":2,"featured_media":21105,"comment_status":"open","ping_status":"open","sticky":false,"template":"","format":"standard","meta":[],"categories":[8],"tags":[],"_links":{"self":[{"href":"https:\/\/dgospel.com.br\/portal\/index.php\/wp-json\/wp\/v2\/posts\/21104"}],"collection":[{"href":"https:\/\/dgospel.com.br\/portal\/index.php\/wp-json\/wp\/v2\/posts"}],"about":[{"href":"https:\/\/dgospel.com.br\/portal\/index.php\/wp-json\/wp\/v2\/types\/post"}],"author":[{"embeddable":true,"href":"https:\/\/dgospel.com.br\/portal\/index.php\/wp-json\/wp\/v2\/users\/2"}],"replies":[{"embeddable":true,"href":"https:\/\/dgospel.com.br\/portal\/index.php\/wp-json\/wp\/v2\/comments?post=21104"}],"version-history":[{"count":1,"href":"https:\/\/dgospel.com.br\/portal\/index.php\/wp-json\/wp\/v2\/posts\/21104\/revisions"}],"predecessor-version":[{"id":21106,"href":"https:\/\/dgospel.com.br\/portal\/index.php\/wp-json\/wp\/v2\/posts\/21104\/revisions\/21106"}],"wp:featuredmedia":[{"embeddable":true,"href":"https:\/\/dgospel.com.br\/portal\/index.php\/wp-json\/wp\/v2\/media\/21105"}],"wp:attachment":[{"href":"https:\/\/dgospel.com.br\/portal\/index.php\/wp-json\/wp\/v2\/media?parent=21104"}],"wp:term":[{"taxonomy":"category","embeddable":true,"href":"https:\/\/dgospel.com.br\/portal\/index.php\/wp-json\/wp\/v2\/categories?post=21104"},{"taxonomy":"post_tag","embeddable":true,"href":"https:\/\/dgospel.com.br\/portal\/index.php\/wp-json\/wp\/v2\/tags?post=21104"}],"curies":[{"name":"wp","href":"https:\/\/api.w.org\/{rel}","templated":true}]}}