{"id":21107,"date":"2024-11-28T15:39:00","date_gmt":"2024-11-28T18:39:00","guid":{"rendered":"https:\/\/dgospel.com.br\/portal\/?p=21107"},"modified":"2024-11-28T15:39:01","modified_gmt":"2024-11-28T18:39:01","slug":"ibaneis-critica-proposta-de-reajuste-do-fundo-constitucional-e-acusa-governo-lula-de-ter-raiva-de-brasilia","status":"publish","type":"post","link":"https:\/\/dgospel.com.br\/portal\/index.php\/2024\/11\/28\/ibaneis-critica-proposta-de-reajuste-do-fundo-constitucional-e-acusa-governo-lula-de-ter-raiva-de-brasilia\/","title":{"rendered":"Ibaneis critica proposta de reajuste do Fundo Constitucional e acusa governo Lula de ter \u201craiva de Bras\u00edlia\u201d"},"content":{"rendered":"\n<p>O governador do Distrito Federal, Ibaneis Rocha (MDB), manifestou, nesta quinta-feira (28), oposi\u00e7\u00e3o \u00e0 proposta do governo federal de alterar o c\u00e1lculo de reajuste do Fundo Constitucional do Distrito Federal (FCDF). O an\u00fancio foi feito pelo ministro da Fazenda, Fernando Haddad, e sugere vincular o reajuste ao \u00cdndice Nacional de Pre\u00e7os ao Consumidor Amplo (IPCA), substituindo o atual modelo baseado na Receita Corrente L\u00edquida (RCL) da Uni\u00e3o.<\/p>\n\n\n\n<p>Ibaneis reagiu duramente \u00e0 medida, afirmando que \u201celes t\u00eam raiva de Bras\u00edlia\u201d e destacando que esta \u00e9 a segunda tentativa do governo Lula de reduzir o crescimento anual do fundo. \u201cO povo de Bras\u00edlia \u00e9 forte, e a classe pol\u00edtica, unida. Vamos mostrar o desacerto da medida e trabalhar no convencimento dos congressistas\u201d, declarou o governador.<\/p>\n\n\n\n<p>No ano passado, proposta semelhante foi rejeitada pelo Congresso Nacional. \u00c0 \u00e9poca, o governo do DF estimava perdas de R$ 87,7 bilh\u00f5es em receitas ao longo de dez anos, caso o reajuste fosse limitado a um teto de 2,5%.<\/p>\n\n\n\n<p>Criado pela Constitui\u00e7\u00e3o, o FCDF \u00e9 financiado pela Uni\u00e3o para custear seguran\u00e7a p\u00fablica e parte das despesas com sa\u00fade e educa\u00e7\u00e3o no Distrito Federal. Em 2023, o fundo destinou R$ 9,6 bilh\u00f5es para seguran\u00e7a p\u00fablica, R$ 8 bilh\u00f5es para sa\u00fade e R$ 5,4 bilh\u00f5es para educa\u00e7\u00e3o. O or\u00e7amento previsto para 2025 \u00e9 de R$ 66,6 bilh\u00f5es, sendo R$ 25 bilh\u00f5es oriundos do fundo.<\/p>\n\n\n\n<p>Ibaneis refor\u00e7ou a import\u00e2ncia do fundo para a capital e se comprometeu a defender a manuten\u00e7\u00e3o do modelo atual. \u201cQualquer tentativa de descasamento entre o DF e a Uni\u00e3o vai contra o que foi consagrado na reforma tribut\u00e1ria e no pacto federativo\u201d, completou o governador.<\/p>\n\n\n\n<p>O ministro Fernando Haddad, por sua vez, defendeu a proposta ao equiparar o reajuste do FCDF \u00e0s regras do Fundo de Desenvolvimento Regional. \u201cN\u00e3o pode haver um descasamento de um ente federado e do pa\u00eds inteiro\u201d, justificou Haddad em coletiva de imprensa. A medida ainda depende de aprova\u00e7\u00e3o no Congresso Nacional.<\/p>\n","protected":false},"excerpt":{"rendered":"<p>O governador do Distrito Federal, Ibaneis Rocha (MDB), manifestou, nesta quinta-feira (28), oposi\u00e7\u00e3o \u00e0 proposta do governo federal de alterar o c\u00e1lculo de reajuste do Fundo Constitucional do Distrito Federal (FCDF). O an\u00fancio foi feito pelo ministro da Fazenda, Fernando Haddad, e sugere vincular o reajuste ao \u00cdndice Nacional de Pre\u00e7os ao Consumidor Amplo (IPCA), [&hellip;]<\/p>\n","protected":false},"author":2,"featured_media":21108,"comment_status":"open","ping_status":"open","sticky":false,"template":"","format":"standard","meta":[],"categories":[10],"tags":[13],"_links":{"self":[{"href":"https:\/\/dgospel.com.br\/portal\/index.php\/wp-json\/wp\/v2\/posts\/21107"}],"collection":[{"href":"https:\/\/dgospel.com.br\/portal\/index.php\/wp-json\/wp\/v2\/posts"}],"about":[{"href":"https:\/\/dgospel.com.br\/portal\/index.php\/wp-json\/wp\/v2\/types\/post"}],"author":[{"embeddable":true,"href":"https:\/\/dgospel.com.br\/portal\/index.php\/wp-json\/wp\/v2\/users\/2"}],"replies":[{"embeddable":true,"href":"https:\/\/dgospel.com.br\/portal\/index.php\/wp-json\/wp\/v2\/comments?post=21107"}],"version-history":[{"count":1,"href":"https:\/\/dgospel.com.br\/portal\/index.php\/wp-json\/wp\/v2\/posts\/21107\/revisions"}],"predecessor-version":[{"id":21109,"href":"https:\/\/dgospel.com.br\/portal\/index.php\/wp-json\/wp\/v2\/posts\/21107\/revisions\/21109"}],"wp:featuredmedia":[{"embeddable":true,"href":"https:\/\/dgospel.com.br\/portal\/index.php\/wp-json\/wp\/v2\/media\/21108"}],"wp:attachment":[{"href":"https:\/\/dgospel.com.br\/portal\/index.php\/wp-json\/wp\/v2\/media?parent=21107"}],"wp:term":[{"taxonomy":"category","embeddable":true,"href":"https:\/\/dgospel.com.br\/portal\/index.php\/wp-json\/wp\/v2\/categories?post=21107"},{"taxonomy":"post_tag","embeddable":true,"href":"https:\/\/dgospel.com.br\/portal\/index.php\/wp-json\/wp\/v2\/tags?post=21107"}],"curies":[{"name":"wp","href":"https:\/\/api.w.org\/{rel}","templated":true}]}}