{"id":21110,"date":"2024-11-28T15:43:27","date_gmt":"2024-11-28T18:43:27","guid":{"rendered":"https:\/\/dgospel.com.br\/portal\/?p=21110"},"modified":"2024-11-28T15:43:27","modified_gmt":"2024-11-28T18:43:27","slug":"dolar-atinge-o-valor-mais-alto-da-historia-em-reacao-do-mercado-financeiro-ao-pacote-economico-do-governo-lula","status":"publish","type":"post","link":"https:\/\/dgospel.com.br\/portal\/index.php\/2024\/11\/28\/dolar-atinge-o-valor-mais-alto-da-historia-em-reacao-do-mercado-financeiro-ao-pacote-economico-do-governo-lula\/","title":{"rendered":"D\u00f3lar atinge o valor mais alto da hist\u00f3ria em rea\u00e7\u00e3o do mercado financeiro ao pacote econ\u00f4mico do governo Lula"},"content":{"rendered":"\n<p>Nesta quinta-feira (28), o d\u00f3lar comercial alcan\u00e7ou a marca hist\u00f3rica de R$ 6 pela primeira vez no Brasil. A moeda norte-americana apresentou alta desde a abertura das negocia\u00e7\u00f5es, impulsionada pelo an\u00fancio do pacote de medidas de conten\u00e7\u00e3o de gastos divulgado pelo ministro da Fazenda, Fernando Haddad, no dia anterior.<\/p>\n\n\n\n<p>Por volta das 11h21, o d\u00f3lar bateu o recorde hist\u00f3rico, registrando valoriza\u00e7\u00e3o superior a 1% em rela\u00e7\u00e3o ao fechamento da \u00faltima quarta-feira (27). \u00c0s 12h22, a cota\u00e7\u00e3o recuava ligeiramente, sendo negociada a R$ 5,99.<\/p>\n\n\n\n<p>Enquanto isso, o Ibovespa, principal \u00edndice da Bolsa de Valores do Brasil (B3), tamb\u00e9m refletiu o clima de incerteza. \u00c0s 12h22, o \u00edndice ca\u00eda 1,17%, chegando a 126.181 pontos. O movimento foi influenciado pelas expectativas frustradas do mercado em rela\u00e7\u00e3o ao impacto efetivo das medidas anunciadas.<\/p>\n\n\n\n<p>De acordo com a ag\u00eancia Reuters, o analista Flavio Conde, da Levante Investimentos, classificou as medidas como \u201cdesanimadoras\u201d, apontando a aus\u00eancia de cortes efetivos de despesas. Dados apresentados pelo economista Fernando Ulrich indicam que os gastos previstos com programas sociais, como o Bolsa Fam\u00edlia, permanecem elevados, com uma economia estimada de apenas R$ 2 bilh\u00f5es para 2025, o que foi insuficiente para acalmar os investidores.<\/p>\n\n\n\n<p>Al\u00e9m disso, o an\u00fancio de isen\u00e7\u00e3o do Imposto de Renda at\u00e9 R$ 5 mil gerou d\u00favidas no mercado quanto \u00e0 viabilidade das compensa\u00e7\u00f5es fiscais propostas. O analista da StoneX, Leonel Mattos, destacou que o adiamento do pacote econ\u00f4mico elevou as expectativas, resultando em maior decep\u00e7\u00e3o com o conte\u00fado apresentado. \u201cO comunicado do governo acaba frustrando essas expectativas\u201d, avaliou.<\/p>\n\n\n\n<p>O mercado adota, agora, uma postura defensiva diante das incertezas sobre a capacidade de o governo implementar as compensa\u00e7\u00f5es necess\u00e1rias e atender \u00e0s expectativas de ajuste fiscal.<\/p>\n","protected":false},"excerpt":{"rendered":"<p>Nesta quinta-feira (28), o d\u00f3lar comercial alcan\u00e7ou a marca hist\u00f3rica de R$ 6 pela primeira vez no Brasil. A moeda norte-americana apresentou alta desde a abertura das negocia\u00e7\u00f5es, impulsionada pelo an\u00fancio do pacote de medidas de conten\u00e7\u00e3o de gastos divulgado pelo ministro da Fazenda, Fernando Haddad, no dia anterior. Por volta das 11h21, o d\u00f3lar [&hellip;]<\/p>\n","protected":false},"author":2,"featured_media":21111,"comment_status":"open","ping_status":"open","sticky":false,"template":"","format":"standard","meta":[],"categories":[10],"tags":[],"_links":{"self":[{"href":"https:\/\/dgospel.com.br\/portal\/index.php\/wp-json\/wp\/v2\/posts\/21110"}],"collection":[{"href":"https:\/\/dgospel.com.br\/portal\/index.php\/wp-json\/wp\/v2\/posts"}],"about":[{"href":"https:\/\/dgospel.com.br\/portal\/index.php\/wp-json\/wp\/v2\/types\/post"}],"author":[{"embeddable":true,"href":"https:\/\/dgospel.com.br\/portal\/index.php\/wp-json\/wp\/v2\/users\/2"}],"replies":[{"embeddable":true,"href":"https:\/\/dgospel.com.br\/portal\/index.php\/wp-json\/wp\/v2\/comments?post=21110"}],"version-history":[{"count":1,"href":"https:\/\/dgospel.com.br\/portal\/index.php\/wp-json\/wp\/v2\/posts\/21110\/revisions"}],"predecessor-version":[{"id":21112,"href":"https:\/\/dgospel.com.br\/portal\/index.php\/wp-json\/wp\/v2\/posts\/21110\/revisions\/21112"}],"wp:featuredmedia":[{"embeddable":true,"href":"https:\/\/dgospel.com.br\/portal\/index.php\/wp-json\/wp\/v2\/media\/21111"}],"wp:attachment":[{"href":"https:\/\/dgospel.com.br\/portal\/index.php\/wp-json\/wp\/v2\/media?parent=21110"}],"wp:term":[{"taxonomy":"category","embeddable":true,"href":"https:\/\/dgospel.com.br\/portal\/index.php\/wp-json\/wp\/v2\/categories?post=21110"},{"taxonomy":"post_tag","embeddable":true,"href":"https:\/\/dgospel.com.br\/portal\/index.php\/wp-json\/wp\/v2\/tags?post=21110"}],"curies":[{"name":"wp","href":"https:\/\/api.w.org\/{rel}","templated":true}]}}