{"id":21113,"date":"2024-11-28T15:47:07","date_gmt":"2024-11-28T18:47:07","guid":{"rendered":"https:\/\/dgospel.com.br\/portal\/?p=21113"},"modified":"2024-11-28T15:47:08","modified_gmt":"2024-11-28T18:47:08","slug":"haddad-anuncia-reajuste-do-salario-minimo-de-ate-25-ao-ano-abaixo-da-media-historica","status":"publish","type":"post","link":"https:\/\/dgospel.com.br\/portal\/index.php\/2024\/11\/28\/haddad-anuncia-reajuste-do-salario-minimo-de-ate-25-ao-ano-abaixo-da-media-historica\/","title":{"rendered":"Haddad anuncia reajuste do sal\u00e1rio m\u00ednimo de at\u00e9 2,5% ao ano, abaixo da m\u00e9dia hist\u00f3rica"},"content":{"rendered":"\n<p>O ministro da Fazenda, Fernando Haddad, apresentou na noite desta quarta-feira (27\/11), em rede nacional, os detalhes da nova regra para reajuste do sal\u00e1rio m\u00ednimo. A proposta estabelece um mecanismo de banda que permitir\u00e1 aumentos reais, descontada a infla\u00e7\u00e3o, entre 0,6% e 2,5% ao ano. A medida faz parte do novo arcabou\u00e7o fiscal e visa equilibrar a valoriza\u00e7\u00e3o do piso salarial com a sustentabilidade das contas p\u00fablicas.<\/p>\n\n\n\n<p>O reajuste do sal\u00e1rio m\u00ednimo proposto com uma banda de aumento real entre 0,6% e 2,5% ao ano, al\u00e9m da infla\u00e7\u00e3o, est\u00e1 abaixo da m\u00e9dia hist\u00f3rica recente. Antes da reforma no arcabou\u00e7o fiscal, o sal\u00e1rio m\u00ednimo era reajustado com base na infla\u00e7\u00e3o acumulada (INPC) mais o crescimento real do Produto Interno Bruto (PIB) de dois anos anteriores. Em anos de crescimento econ\u00f4mico mais expressivo, isso resultava em reajustes maiores, muitas vezes acima de 3% de ganho real ao ano.<\/p>\n\n\n\n<p>Com a nova regra, o governo busca limitar o crescimento das despesas obrigat\u00f3rias em momentos de expans\u00e3o econ\u00f4mica, garantindo que os reajustes sigam crit\u00e9rios mais previs\u00edveis e controlados.<\/p>\n\n\n\n<p>Haddad enfatizou que, mesmo com o limite, a pol\u00edtica de valoriza\u00e7\u00e3o do sal\u00e1rio m\u00ednimo ser\u00e1 mantida, garantindo ganhos acima da infla\u00e7\u00e3o. \u201cO sal\u00e1rio m\u00ednimo continuar\u00e1 subindo de forma sustent\u00e1vel e dentro das novas regras fiscais\u201d, afirmou.<\/p>\n\n\n\n<p>O reajuste do sal\u00e1rio m\u00ednimo tem impacto direto em diversos benef\u00edcios atrelados ao piso salarial, como aposentadorias, pens\u00f5es do INSS, seguro-desemprego, abono salarial e Benef\u00edcio de Presta\u00e7\u00e3o Continuada (BPC). Segundo o governo, as mudan\u00e7as devem gerar uma economia de R$ 70 bilh\u00f5es nos pr\u00f3ximos dois anos, sem prejudicar os mais vulner\u00e1veis.<\/p>\n","protected":false},"excerpt":{"rendered":"<p>O ministro da Fazenda, Fernando Haddad, apresentou na noite desta quarta-feira (27\/11), em rede nacional, os detalhes da nova regra para reajuste do sal\u00e1rio m\u00ednimo. A proposta estabelece um mecanismo de banda que permitir\u00e1 aumentos reais, descontada a infla\u00e7\u00e3o, entre 0,6% e 2,5% ao ano. A medida faz parte do novo arcabou\u00e7o fiscal e visa [&hellip;]<\/p>\n","protected":false},"author":2,"featured_media":21114,"comment_status":"open","ping_status":"open","sticky":false,"template":"","format":"standard","meta":[],"categories":[4],"tags":[13],"_links":{"self":[{"href":"https:\/\/dgospel.com.br\/portal\/index.php\/wp-json\/wp\/v2\/posts\/21113"}],"collection":[{"href":"https:\/\/dgospel.com.br\/portal\/index.php\/wp-json\/wp\/v2\/posts"}],"about":[{"href":"https:\/\/dgospel.com.br\/portal\/index.php\/wp-json\/wp\/v2\/types\/post"}],"author":[{"embeddable":true,"href":"https:\/\/dgospel.com.br\/portal\/index.php\/wp-json\/wp\/v2\/users\/2"}],"replies":[{"embeddable":true,"href":"https:\/\/dgospel.com.br\/portal\/index.php\/wp-json\/wp\/v2\/comments?post=21113"}],"version-history":[{"count":1,"href":"https:\/\/dgospel.com.br\/portal\/index.php\/wp-json\/wp\/v2\/posts\/21113\/revisions"}],"predecessor-version":[{"id":21115,"href":"https:\/\/dgospel.com.br\/portal\/index.php\/wp-json\/wp\/v2\/posts\/21113\/revisions\/21115"}],"wp:featuredmedia":[{"embeddable":true,"href":"https:\/\/dgospel.com.br\/portal\/index.php\/wp-json\/wp\/v2\/media\/21114"}],"wp:attachment":[{"href":"https:\/\/dgospel.com.br\/portal\/index.php\/wp-json\/wp\/v2\/media?parent=21113"}],"wp:term":[{"taxonomy":"category","embeddable":true,"href":"https:\/\/dgospel.com.br\/portal\/index.php\/wp-json\/wp\/v2\/categories?post=21113"},{"taxonomy":"post_tag","embeddable":true,"href":"https:\/\/dgospel.com.br\/portal\/index.php\/wp-json\/wp\/v2\/tags?post=21113"}],"curies":[{"name":"wp","href":"https:\/\/api.w.org\/{rel}","templated":true}]}}