{"id":21119,"date":"2024-11-28T16:02:55","date_gmt":"2024-11-28T19:02:55","guid":{"rendered":"https:\/\/dgospel.com.br\/portal\/?p=21119"},"modified":"2024-11-28T16:02:56","modified_gmt":"2024-11-28T19:02:56","slug":"igreja-batiza-105-detentas-em-prisao-em-sp-deus-escolhe-os-improvaveis","status":"publish","type":"post","link":"https:\/\/dgospel.com.br\/portal\/index.php\/2024\/11\/28\/igreja-batiza-105-detentas-em-prisao-em-sp-deus-escolhe-os-improvaveis\/","title":{"rendered":"Igreja batiza 105 detentas em pris\u00e3o em SP: \u201cDeus escolhe os improv\u00e1veis\u201d"},"content":{"rendered":"\n<p>Mais de 100&nbsp;<a href=\"https:\/\/guiame.com.br\/gospel\/mundo-cristao\/110-mulheres-sao-batizadas-em-prisao-de-seguranca-maxima-em-las-vegas.html\"><strong>detentas<\/strong><\/a>&nbsp;da Penitenci\u00e1ria Feminina \u201cSandra Aparecida L\u00e1rio Vianna\u201d, em Piraju\u00ed (SP), foram batizadas nas \u00e1guas ap\u00f3s uma a\u00e7\u00e3o evangel\u00edstica de uma igreja.<\/p>\n\n\n\n<p>No dia 12 de novembro, a Igreja Comunidade Evang\u00e9lica Restaurar realizou a cerim\u00f4nia de&nbsp;<a href=\"https:\/\/guiame.com.br\/gospel\/missoes-acao-social\/presa-cadeirante-e-batizada-com-garrafas-de-agua-em-prisao-de-seguranca-maxima.html\"><strong>batismo<\/strong><\/a>&nbsp;no p\u00e1tio da pris\u00e3o para celebrar as novas vidas em Cristo de 105 presas.<\/p>\n\n\n\n<p>A pastora Renata e o grupo de mulheres do Projeto \u201cP\u00e9rolas\u201d da igreja Restaurar batizaram cada uma das mulheres, em um momento emocionante.<\/p>\n\n\n\n<p><img src=\"https:\/\/thumbor.guiame.com.br\/unsafe\/smart\/https:\/\/media.guiame.com.br\/archives\/2024\/11\/27\/1086720774-.JPG\" alt=\"\" width=\"600\"><br><sup>O grupo de mulheres da Igreja Restaurar batizou 105 presas. (Foto: Secretaria da Administra\u00e7\u00e3o Penitenci\u00e1ria).<\/sup><\/p>\n\n\n\n<p>O evento contou com a participa\u00e7\u00e3o especial da cantora Elaine Martins, que tamb\u00e9m ministrou as detentas que assistiram o batismo de suas celas.<\/p>\n\n\n\n<p>\u201cN\u00e3o tenho palavras para descrever tudo que vivi aqui [na penitenci\u00e1ria], o poder do Esp\u00edrito Santo invadiu cada lugar e cada mulher. O Senhor escolhe os improv\u00e1veis e muda hist\u00f3rias. Essa \u00e9 a nossa miss\u00e3o, restaurar vidas para Cristo\u201d, testemunhou a pastora Renata.<\/p>\n\n\n\n<p>Uma das presas batizadas louvou a Deus por conhecer a verdade do Evangelho. \u201cEu creio que fui escolhida pois estava com minha alma doente. Recebi a un\u00e7\u00e3o do Esp\u00edrito Santo com esse batismo e minha vida voltou de forma abundante. Uma mente nova \u00e9 uma mente transformada\u201d, declarou ela.<\/p>\n\n\n\n<p><img src=\"https:\/\/thumbor.guiame.com.br\/unsafe\/smart\/https:\/\/media.guiame.com.br\/archives\/2024\/11\/27\/942946507-.JPG\" alt=\"\" width=\"600\"><br><sup>A cantora Elaine Martins. (<\/sup><sup>Foto: Secretaria da Administra\u00e7\u00e3o Penitenci\u00e1ria).<\/sup><\/p>\n\n\n\n<p>A Igreja Comunidade Evang\u00e9lica Restaurar tem realizado a\u00e7\u00f5es evangel\u00edsticas e oferecido apoio espiritual na Penitenci\u00e1ria Feminina de Piraju\u00ed desde 2018.<\/p>\n\n\n\n<p><a href=\"https:\/\/www.instagram.com\/reel\/DCShKXBuQGs\/?utm_source=ig_embed&amp;ig_rid=7daa0140-b78b-4c8f-bc50-c1e73e095646\">https:\/\/www.instagram.com\/reel\/DCShKXBuQGs\/?utm_source=ig_embed&amp;ig_rid=7daa0140-b78b-4c8f-bc50-c1e73e095646<\/a><\/p>\n","protected":false},"excerpt":{"rendered":"<p>Mais de 100&nbsp;detentas&nbsp;da Penitenci\u00e1ria Feminina \u201cSandra Aparecida L\u00e1rio Vianna\u201d, em Piraju\u00ed (SP), foram batizadas nas \u00e1guas ap\u00f3s uma a\u00e7\u00e3o evangel\u00edstica de uma igreja. No dia 12 de novembro, a Igreja Comunidade Evang\u00e9lica Restaurar realizou a cerim\u00f4nia de&nbsp;batismo&nbsp;no p\u00e1tio da pris\u00e3o para celebrar as novas vidas em Cristo de 105 presas. A pastora Renata e o [&hellip;]<\/p>\n","protected":false},"author":2,"featured_media":21120,"comment_status":"open","ping_status":"open","sticky":false,"template":"","format":"standard","meta":[],"categories":[5],"tags":[],"_links":{"self":[{"href":"https:\/\/dgospel.com.br\/portal\/index.php\/wp-json\/wp\/v2\/posts\/21119"}],"collection":[{"href":"https:\/\/dgospel.com.br\/portal\/index.php\/wp-json\/wp\/v2\/posts"}],"about":[{"href":"https:\/\/dgospel.com.br\/portal\/index.php\/wp-json\/wp\/v2\/types\/post"}],"author":[{"embeddable":true,"href":"https:\/\/dgospel.com.br\/portal\/index.php\/wp-json\/wp\/v2\/users\/2"}],"replies":[{"embeddable":true,"href":"https:\/\/dgospel.com.br\/portal\/index.php\/wp-json\/wp\/v2\/comments?post=21119"}],"version-history":[{"count":1,"href":"https:\/\/dgospel.com.br\/portal\/index.php\/wp-json\/wp\/v2\/posts\/21119\/revisions"}],"predecessor-version":[{"id":21121,"href":"https:\/\/dgospel.com.br\/portal\/index.php\/wp-json\/wp\/v2\/posts\/21119\/revisions\/21121"}],"wp:featuredmedia":[{"embeddable":true,"href":"https:\/\/dgospel.com.br\/portal\/index.php\/wp-json\/wp\/v2\/media\/21120"}],"wp:attachment":[{"href":"https:\/\/dgospel.com.br\/portal\/index.php\/wp-json\/wp\/v2\/media?parent=21119"}],"wp:term":[{"taxonomy":"category","embeddable":true,"href":"https:\/\/dgospel.com.br\/portal\/index.php\/wp-json\/wp\/v2\/categories?post=21119"},{"taxonomy":"post_tag","embeddable":true,"href":"https:\/\/dgospel.com.br\/portal\/index.php\/wp-json\/wp\/v2\/tags?post=21119"}],"curies":[{"name":"wp","href":"https:\/\/api.w.org\/{rel}","templated":true}]}}