{"id":21125,"date":"2024-11-28T17:12:05","date_gmt":"2024-11-28T20:12:05","guid":{"rendered":"https:\/\/dgospel.com.br\/portal\/?p=21125"},"modified":"2024-11-28T17:12:06","modified_gmt":"2024-11-28T20:12:06","slug":"pastor-russo-e-preso-por-falar-contra-a-invasao-da-ucrania-em-pregacao","status":"publish","type":"post","link":"https:\/\/dgospel.com.br\/portal\/index.php\/2024\/11\/28\/pastor-russo-e-preso-por-falar-contra-a-invasao-da-ucrania-em-pregacao\/","title":{"rendered":"Pastor russo \u00e9 preso por falar contra a invas\u00e3o da Ucr\u00e2nia em prega\u00e7\u00e3o"},"content":{"rendered":"\n<p>Um pastor foi preso na<a href=\"https:\/\/guiame.com.br\/gospel\/noticias\/evento-profetico-putin-alerta-para-guerra-global-apos-ucrania-atacar-russia-com-misseis.html\"><strong>&nbsp;R\u00fassia<\/strong><\/a>&nbsp;ap\u00f3s falar contra a invas\u00e3o da Ucr\u00e2nia durante uma prega\u00e7\u00e3o em sua&nbsp;i<a href=\"https:\/\/guiame.com.br\/gospel\/mundo-cristao\/mais-de-200-igrejas-evangelicas-na-ucrania-foram-destruidas-desde-invasao-russa.html\"><strong>greja<\/strong><\/a>, segundo o Forum 18, uma organiza\u00e7\u00e3o que monitora a persegui\u00e7\u00e3o.<\/p>\n\n\n\n<p>Nikolay Romanyuk, pastor s\u00eanior da Igreja Pentecostal da Sant\u00edssima Trindade na regi\u00e3o de Moscou, \u00e9 o primeiro l\u00edder religioso acusado sob a lei que pro\u00edbe cr\u00edticas \u00e0s autoridades russas em meio \u00e0&nbsp;<a href=\"https:\/\/guiame.com.br\/gospel\/missoes-acao-social\/familias-cristas-contrarias-guerra-na-ucrania-fogem-da-russia-por-perseguicao.html\"><strong>guerra na Ucr\u00e2nia<\/strong><\/a>.<\/p>\n\n\n\n<p>No dia 18 de outubro, investigadores armados invadiram a casa do pastor Nikolay e casas de outros membros da igreja. Os oficiais apreenderam dispositivos digitais e for\u00e7aram os crist\u00e3os a deitarem no ch\u00e3o sob a mira de armas.<\/p>\n\n\n\n<p>&#8220;Toda a fam\u00edlia passou por um grande trauma psicol\u00f3gico hoje, mas essas buscas e pris\u00f5es na R\u00fassia moderna s\u00e3o previs\u00edveis e esperadas \u2013 para nosso grande pesar&#8221;, relatou Vladimir Franchuk, um pastor ucraniano conhecido de Nikolay, em seu blog.<\/p>\n\n\n\n<p>Dois dias depois, um juiz ordenou que ele fosse detido por dois meses. Hoje, Nicolay est\u00e1 preso na Pris\u00e3o de Investiga\u00e7\u00e3o n\u00ba 11 em Noginsk, localizada a cerca de 50 quil\u00f4metros a leste de Moscou.<\/p>\n\n\n\n<p><strong>Prega\u00e7\u00e3o censurada<\/strong><\/p>\n\n\n\n<p>As autoridades russas iniciaram uma investiga\u00e7\u00e3o contra o pastor Nikolay ap\u00f3s ele ministrar um serm\u00e3o em setembro de 2022, em que afirmou que os crist\u00e3os n\u00e3o deveriam lutar na Ucr\u00e2nia conforme os ensinamentos da B\u00edblia.<\/p>\n\n\n\n<p>A prega\u00e7\u00e3o foi transmitida ao vivo e enviada para o canal da igreja no YouTube. &#8220;Quando lhe oferecem uma dose, quando lhe oferecem uma garrafa de \u00e1lcool ou uma intima\u00e7\u00e3o para envi\u00e1-lo para o combate \u2013 este \u00e9 o mesmo pecado, a mesma droga e o mesmo Satan\u00e1s. Me encontre no Antigo Testamento at\u00e9 mesmo uma dica de que poder\u00edamos de alguma forma participar. Esta n\u00e3o \u00e9 a nossa guerra\u201d, afirmou o pastor, durante a ministra\u00e7\u00e3o.<\/p>\n\n\n\n<p>E acrescentou: &#8220;Estava escrito em nossa doutrina que somos pacifistas e n\u00e3o podemos participar disso. \u00c9 nosso direito profess\u00e1-lo com base na Sagrada Escritura. N\u00e3o aben\u00e7oamos aqueles que v\u00e3o l\u00e1 [para a guerra]. [Aqueles] que s\u00e3o levados \u00e0 for\u00e7a, n\u00e3o os aben\u00e7oamos, mas oramos para que sejam resgatados de l\u00e1\u201d.<\/p>\n\n\n\n<p>Por causa da prega\u00e7\u00e3o, Nikolay Romanyuk foi acusado sob o Artigo 280.4 do C\u00f3digo Penal da R\u00fassia, que criminaliza discursos p\u00fablicos contra a seguran\u00e7a da Federa\u00e7\u00e3o Russa usando a m\u00eddia de massa ou a internet.<\/p>\n\n\n\n<p>Se condenado, o pastor pode ser sentenciado at\u00e9 6 anos de pris\u00e3o e a uma multa de at\u00e9 960 mil d\u00f3lares \u2013 valor que corresponde a sete meses de sal\u00e1rio m\u00e9dio em Moscou.<\/p>\n","protected":false},"excerpt":{"rendered":"<p>Um pastor foi preso na&nbsp;R\u00fassia&nbsp;ap\u00f3s falar contra a invas\u00e3o da Ucr\u00e2nia durante uma prega\u00e7\u00e3o em sua&nbsp;igreja, segundo o Forum 18, uma organiza\u00e7\u00e3o que monitora a persegui\u00e7\u00e3o. Nikolay Romanyuk, pastor s\u00eanior da Igreja Pentecostal da Sant\u00edssima Trindade na regi\u00e3o de Moscou, \u00e9 o primeiro l\u00edder religioso acusado sob a lei que pro\u00edbe cr\u00edticas \u00e0s autoridades russas [&hellip;]<\/p>\n","protected":false},"author":2,"featured_media":21126,"comment_status":"open","ping_status":"open","sticky":false,"template":"","format":"standard","meta":[],"categories":[12,16],"tags":[],"_links":{"self":[{"href":"https:\/\/dgospel.com.br\/portal\/index.php\/wp-json\/wp\/v2\/posts\/21125"}],"collection":[{"href":"https:\/\/dgospel.com.br\/portal\/index.php\/wp-json\/wp\/v2\/posts"}],"about":[{"href":"https:\/\/dgospel.com.br\/portal\/index.php\/wp-json\/wp\/v2\/types\/post"}],"author":[{"embeddable":true,"href":"https:\/\/dgospel.com.br\/portal\/index.php\/wp-json\/wp\/v2\/users\/2"}],"replies":[{"embeddable":true,"href":"https:\/\/dgospel.com.br\/portal\/index.php\/wp-json\/wp\/v2\/comments?post=21125"}],"version-history":[{"count":1,"href":"https:\/\/dgospel.com.br\/portal\/index.php\/wp-json\/wp\/v2\/posts\/21125\/revisions"}],"predecessor-version":[{"id":21127,"href":"https:\/\/dgospel.com.br\/portal\/index.php\/wp-json\/wp\/v2\/posts\/21125\/revisions\/21127"}],"wp:featuredmedia":[{"embeddable":true,"href":"https:\/\/dgospel.com.br\/portal\/index.php\/wp-json\/wp\/v2\/media\/21126"}],"wp:attachment":[{"href":"https:\/\/dgospel.com.br\/portal\/index.php\/wp-json\/wp\/v2\/media?parent=21125"}],"wp:term":[{"taxonomy":"category","embeddable":true,"href":"https:\/\/dgospel.com.br\/portal\/index.php\/wp-json\/wp\/v2\/categories?post=21125"},{"taxonomy":"post_tag","embeddable":true,"href":"https:\/\/dgospel.com.br\/portal\/index.php\/wp-json\/wp\/v2\/tags?post=21125"}],"curies":[{"name":"wp","href":"https:\/\/api.w.org\/{rel}","templated":true}]}}