{"id":21135,"date":"2024-11-28T22:42:27","date_gmt":"2024-11-29T01:42:27","guid":{"rendered":"https:\/\/dgospel.com.br\/portal\/?p=21135"},"modified":"2024-11-28T22:42:29","modified_gmt":"2024-11-29T01:42:29","slug":"relatorio-da-pf-e-peca-de-ficcao-e-pirotecnia-diz-jair-bolsonaro","status":"publish","type":"post","link":"https:\/\/dgospel.com.br\/portal\/index.php\/2024\/11\/28\/relatorio-da-pf-e-peca-de-ficcao-e-pirotecnia-diz-jair-bolsonaro\/","title":{"rendered":"Relat\u00f3rio da PF \u00e9 \u2018pe\u00e7a de fic\u00e7\u00e3o\u2019 e \u2018pirotecnia\u2019, diz Jair Bolsonaro"},"content":{"rendered":"\n<p>O ex-presidente Jair Bolsonaro (PL) declarou que o relat\u00f3rio da Pol\u00edcia Federal (PF) sobre um suposto plano de golpe de Estado \u00e9 \u201cpe\u00e7a de fic\u00e7\u00e3o\u201d, um \u201cgolpe de festim\u201d e \u201cpirotecnia\u201d. As declara\u00e7\u00f5es foram feitas durante participa\u00e7\u00e3o no programa Oeste sem Filtro, da Revista Oeste, nesta quinta-feira (28).<\/p>\n\n\n\n<p>\u2013 Falar em golpe de Estado com um general da reserva, quatro oficiais e um agente da PF \u00e9 outra piada \u2013 disse o l\u00edder conservador.<\/p>\n\n\n\n<p>De acordo com o presidente de honra do PL, o inqu\u00e9rito \u00e9 baseado em uma pr\u00e1tica judicial ilegal, chamada pesca probat\u00f3ria.<\/p>\n\n\n\n<p>\u2013 Eles v\u00e3o para cima do cara, pegam o telefone, veem os contatos dele, vai pra cima de outras pessoas e ficam formando sua historinha, \u00e9 ris\u00edvel.<\/p>\n\n\n\n<p>O ex-chefe do Executivo diz ser o alvo central do inqu\u00e9rito, que j\u00e1 tem outras 36 pessoas indiciadas. Essa ofensiva, de acordo com Bolsonaro, seria motivada por quest\u00f5es pol\u00edticas, j\u00e1 que, quando presidente, \u201catrapalhou gente importante que vivia de recursos p\u00fablicos\u201d.<\/p>\n\n\n\n<p>\u2013 N\u00f3s fechamos esse ralo \u2013 destacou.<\/p>\n\n\n\n<p>Sobre o discrepante apoio popular entre o l\u00edder da direita e o atual presidente, Jair Bolsonaro citou uma afirma\u00e7\u00e3o recorrente em todo o pa\u00eds.<\/p>\n\n\n\n<p>\u2013 Ningu\u00e9m entende como eu ando pelo Brasil arrastando multid\u00f5es e o outro cara [Lula] n\u00e3o consegue ir numa esquina.<\/p>\n\n\n\n<p>Ele negou que tenha cogitado um golpe de Estado e admitiu que discutiu a hip\u00f3tese de recorrer ao Estado de s\u00edtio, Estado de defesa ou aplica\u00e7\u00e3o do artigo 142 da Constitui\u00e7\u00e3o Federal, todas as medidas previstas na Constitui\u00e7\u00e3o.<\/p>\n\n\n\n<p>\u2013 Golpe usando a Constitui\u00e7\u00e3o? O que est\u00e1 dentro da Constitui\u00e7\u00e3o, voc\u00ea pode utilizar \u2013 disse o ex-presidente que sempre destacou seu apre\u00e7o \u00e0s a\u00e7\u00f5es tomadas dentro das \u201cquatro linhas da Constitui\u00e7\u00e3o\u201d.<\/p>\n\n\n\n<p>Para o conservador, ap\u00f3s torn\u00e1-lo ineleg\u00edvel por oito anos, \u201co que eles querem agora \u00e9 arranjar uma cadeia pra mim\u201d.<\/p>\n","protected":false},"excerpt":{"rendered":"<p>O ex-presidente Jair Bolsonaro (PL) declarou que o relat\u00f3rio da Pol\u00edcia Federal (PF) sobre um suposto plano de golpe de Estado \u00e9 \u201cpe\u00e7a de fic\u00e7\u00e3o\u201d, um \u201cgolpe de festim\u201d e \u201cpirotecnia\u201d. As declara\u00e7\u00f5es foram feitas durante participa\u00e7\u00e3o no programa Oeste sem Filtro, da Revista Oeste, nesta quinta-feira (28). \u2013 Falar em golpe de Estado com [&hellip;]<\/p>\n","protected":false},"author":2,"featured_media":21136,"comment_status":"open","ping_status":"open","sticky":false,"template":"","format":"standard","meta":[],"categories":[4],"tags":[13],"_links":{"self":[{"href":"https:\/\/dgospel.com.br\/portal\/index.php\/wp-json\/wp\/v2\/posts\/21135"}],"collection":[{"href":"https:\/\/dgospel.com.br\/portal\/index.php\/wp-json\/wp\/v2\/posts"}],"about":[{"href":"https:\/\/dgospel.com.br\/portal\/index.php\/wp-json\/wp\/v2\/types\/post"}],"author":[{"embeddable":true,"href":"https:\/\/dgospel.com.br\/portal\/index.php\/wp-json\/wp\/v2\/users\/2"}],"replies":[{"embeddable":true,"href":"https:\/\/dgospel.com.br\/portal\/index.php\/wp-json\/wp\/v2\/comments?post=21135"}],"version-history":[{"count":1,"href":"https:\/\/dgospel.com.br\/portal\/index.php\/wp-json\/wp\/v2\/posts\/21135\/revisions"}],"predecessor-version":[{"id":21137,"href":"https:\/\/dgospel.com.br\/portal\/index.php\/wp-json\/wp\/v2\/posts\/21135\/revisions\/21137"}],"wp:featuredmedia":[{"embeddable":true,"href":"https:\/\/dgospel.com.br\/portal\/index.php\/wp-json\/wp\/v2\/media\/21136"}],"wp:attachment":[{"href":"https:\/\/dgospel.com.br\/portal\/index.php\/wp-json\/wp\/v2\/media?parent=21135"}],"wp:term":[{"taxonomy":"category","embeddable":true,"href":"https:\/\/dgospel.com.br\/portal\/index.php\/wp-json\/wp\/v2\/categories?post=21135"},{"taxonomy":"post_tag","embeddable":true,"href":"https:\/\/dgospel.com.br\/portal\/index.php\/wp-json\/wp\/v2\/tags?post=21135"}],"curies":[{"name":"wp","href":"https:\/\/api.w.org\/{rel}","templated":true}]}}