{"id":21144,"date":"2024-12-02T12:00:26","date_gmt":"2024-12-02T15:00:26","guid":{"rendered":"https:\/\/dgospel.com.br\/portal\/?p=21144"},"modified":"2024-12-02T12:00:27","modified_gmt":"2024-12-02T15:00:27","slug":"real-fecha-mes-de-novembro-com-o-2-pior-desempenho-do-mundo","status":"publish","type":"post","link":"https:\/\/dgospel.com.br\/portal\/index.php\/2024\/12\/02\/real-fecha-mes-de-novembro-com-o-2-pior-desempenho-do-mundo\/","title":{"rendered":"Real fecha m\u00eas de novembro com o 2\u00b0 pior desempenho do mundo"},"content":{"rendered":"\n<p>A forte desvaloriza\u00e7\u00e3o do&nbsp;<a href=\"http:\/\/pleno.news\/tag\/real\" target=\"_blank\" rel=\"noreferrer noopener\">real<\/a>&nbsp;ante o&nbsp;<a href=\"http:\/\/pleno.news\/tag\/dolar\" target=\"_blank\" rel=\"noreferrer noopener\">d\u00f3lar<\/a>&nbsp;nos \u00faltimos dias de novembro fez a moeda brasileira ficar na segunda coloca\u00e7\u00e3o na lista das mais depreciadas do mundo no pen\u00faltimo m\u00eas do ano. Ap\u00f3s o an\u00fancio do pacote fiscal do governo Lula (PT), na \u00faltima quarta-feira (27), a cota\u00e7\u00e3o da moeda americana disparou, ultrapassando a marca de R$ 6.<\/p>\n\n\n\n<p>Um levantamento feito por Einar Rivero, analista da Elos Ayta, apontou que a moeda brasileira recuou 4,55% ante o d\u00f3lar em novembro. Apenas o rublo, da R\u00fassia, perdeu mais valor, com uma desvaloriza\u00e7\u00e3o de 8,54% no mesmo per\u00edodo. A an\u00e1lise foi feita tendo como par\u00e2metro o d\u00f3lar Ptax, taxa de refer\u00eancia para contratos denominados em real em bolsas de mercadorias no exterior.<\/p>\n\n\n\n<p>No entanto, se o recorte temporal for apenas a \u00faltima semana de novembro, quando o mercado reagiu ao an\u00fancio do pacote fiscal do governo brasileiro, o real foi a moeda que teve pior desempenho em todo o mundo, com desvaloriza\u00e7\u00e3o de 3,98%, seguida pelo rublo, que teve queda de 1,97% em seu valor ante o d\u00f3lar americano.<\/p>\n\n\n\n<p>\u2013 O ambiente \u00e9 de desconfian\u00e7a com o pacote fiscal que foi anunciado, ou seja, n\u00e3o se sabe ainda o certo real impacto das medidas anunciadas e nem mesmo se todas ser\u00e3o implementadas da forma como foram anunciadas \u2013 diz Cristiane Quartaroli, economista-chefe do Ouribank.<\/p>\n\n\n\n<p>A rea\u00e7\u00e3o negativa do mercado quanto ao an\u00fancio feito pelo governo federal decorreu principalmente da inten\u00e7\u00e3o da gest\u00e3o federal de ampliar a isen\u00e7\u00e3o do Imposto de Renda para as pessoas que ganharem at\u00e9 R$ 5 mil mensais e aumentar a cobran\u00e7a entre aqueles com ganhos acima de R$ 50 mil.<\/p>\n","protected":false},"excerpt":{"rendered":"<p>A forte desvaloriza\u00e7\u00e3o do&nbsp;real&nbsp;ante o&nbsp;d\u00f3lar&nbsp;nos \u00faltimos dias de novembro fez a moeda brasileira ficar na segunda coloca\u00e7\u00e3o na lista das mais depreciadas do mundo no pen\u00faltimo m\u00eas do ano. Ap\u00f3s o an\u00fancio do pacote fiscal do governo Lula (PT), na \u00faltima quarta-feira (27), a cota\u00e7\u00e3o da moeda americana disparou, ultrapassando a marca de R$ 6. [&hellip;]<\/p>\n","protected":false},"author":2,"featured_media":21145,"comment_status":"open","ping_status":"open","sticky":false,"template":"","format":"standard","meta":[],"categories":[12,10],"tags":[],"_links":{"self":[{"href":"https:\/\/dgospel.com.br\/portal\/index.php\/wp-json\/wp\/v2\/posts\/21144"}],"collection":[{"href":"https:\/\/dgospel.com.br\/portal\/index.php\/wp-json\/wp\/v2\/posts"}],"about":[{"href":"https:\/\/dgospel.com.br\/portal\/index.php\/wp-json\/wp\/v2\/types\/post"}],"author":[{"embeddable":true,"href":"https:\/\/dgospel.com.br\/portal\/index.php\/wp-json\/wp\/v2\/users\/2"}],"replies":[{"embeddable":true,"href":"https:\/\/dgospel.com.br\/portal\/index.php\/wp-json\/wp\/v2\/comments?post=21144"}],"version-history":[{"count":1,"href":"https:\/\/dgospel.com.br\/portal\/index.php\/wp-json\/wp\/v2\/posts\/21144\/revisions"}],"predecessor-version":[{"id":21146,"href":"https:\/\/dgospel.com.br\/portal\/index.php\/wp-json\/wp\/v2\/posts\/21144\/revisions\/21146"}],"wp:featuredmedia":[{"embeddable":true,"href":"https:\/\/dgospel.com.br\/portal\/index.php\/wp-json\/wp\/v2\/media\/21145"}],"wp:attachment":[{"href":"https:\/\/dgospel.com.br\/portal\/index.php\/wp-json\/wp\/v2\/media?parent=21144"}],"wp:term":[{"taxonomy":"category","embeddable":true,"href":"https:\/\/dgospel.com.br\/portal\/index.php\/wp-json\/wp\/v2\/categories?post=21144"},{"taxonomy":"post_tag","embeddable":true,"href":"https:\/\/dgospel.com.br\/portal\/index.php\/wp-json\/wp\/v2\/tags?post=21144"}],"curies":[{"name":"wp","href":"https:\/\/api.w.org\/{rel}","templated":true}]}}