{"id":21156,"date":"2024-12-10T09:19:18","date_gmt":"2024-12-10T12:19:18","guid":{"rendered":"https:\/\/dgospel.com.br\/portal\/?p=21156"},"modified":"2024-12-10T09:19:20","modified_gmt":"2024-12-10T12:19:20","slug":"lula-tem-hemorragia-craniana-e-e-operado-as-pressas-em-sp","status":"publish","type":"post","link":"https:\/\/dgospel.com.br\/portal\/index.php\/2024\/12\/10\/lula-tem-hemorragia-craniana-e-e-operado-as-pressas-em-sp\/","title":{"rendered":"Lula tem hemorragia craniana e \u00e9 operado \u00e0s pressas em SP"},"content":{"rendered":"\n<p>O presidente&nbsp;<a href=\"http:\/\/pleno.news\/tag\/lula\" target=\"_blank\" rel=\"noreferrer noopener\">Luiz In\u00e1cio Lula da Silva<\/a>&nbsp;(PT) foi operado \u00e0s pressas na madrugada desta ter\u00e7a-feira (10), no Hospital S\u00edrio-Liban\u00eas, em&nbsp;<a href=\"http:\/\/pleno.news\/tag\/sao-paulo\" target=\"_blank\" rel=\"noreferrer noopener\">S\u00e3o Paulo<\/a>, para drenagem de um hematoma decorrente do acidente dom\u00e9stico que sofreu em outubro. No momento, o petista est\u00e1 na UTI e, conforme informa\u00e7\u00f5es divulgadas pela equipe m\u00e9dica, \u201cencontra-se bem\u201d.<\/p>\n\n\n\n<p>De acordo com o primeiro boletim m\u00e9dico, divulgado na madrugada desta ter\u00e7a, Lula come\u00e7ou a sentir-se mal ainda na noite de segunda (9) e foi internado em Bras\u00edlia, onde realizou exames de imagem ap\u00f3s queixas de dor de cabe\u00e7a. A resson\u00e2ncia magn\u00e9tica identificou uma hemorragia intracraniana, consequ\u00eancia da queda que o petista sofreu no dia 19 de outubro.<\/p>\n\n\n\n<p>Em raz\u00e3o da gravidade do quadro, o presidente foi transferido para S\u00e3o Paulo, onde foi submetido a uma craniotomia para tratar o hematoma. A cirurgia ocorreu sem complica\u00e7\u00f5es.<\/p>\n\n\n\n<p>O boletim destaca ainda que Lula est\u00e1 sob monitoramento na UTI e que novas atualiza\u00e7\u00f5es sobre o estado de sa\u00fade dele ser\u00e3o fornecidas na manh\u00e3 desta ter\u00e7a, quando uma coletiva de imprensa est\u00e1 programada para as 9h. O chefe do Executivo est\u00e1 sob os cuidados dos m\u00e9dicos Roberto Kalil Filho e Ana Helena Germoglio.<\/p>\n\n\n\n<p><strong>ACIDENTE DOM\u00c9STICO<\/strong><br>No dia 19 de outubro, Lula sofreu uma queda no banheiro do Pal\u00e1cio da Alvorada, resultando em um impacto na regi\u00e3o da nuca. Na ocasi\u00e3o, ele precisou levar cinco pontos e passou por exames de imagem, mas foi liberado ap\u00f3s cerca de uma hora de observa\u00e7\u00e3o.<\/p>\n\n\n\n<p>Apesar disso, os m\u00e9dicos recomendaram que ele evitasse viagens longas nas semanas seguintes, o que levou ao cancelamento de sua participa\u00e7\u00e3o na reuni\u00e3o de C\u00fapula do Brics, que ocorreu na R\u00fassia.<\/p>\n","protected":false},"excerpt":{"rendered":"<p>O presidente&nbsp;Luiz In\u00e1cio Lula da Silva&nbsp;(PT) foi operado \u00e0s pressas na madrugada desta ter\u00e7a-feira (10), no Hospital S\u00edrio-Liban\u00eas, em&nbsp;S\u00e3o Paulo, para drenagem de um hematoma decorrente do acidente dom\u00e9stico que sofreu em outubro. No momento, o petista est\u00e1 na UTI e, conforme informa\u00e7\u00f5es divulgadas pela equipe m\u00e9dica, \u201cencontra-se bem\u201d. De acordo com o primeiro boletim [&hellip;]<\/p>\n","protected":false},"author":2,"featured_media":21157,"comment_status":"open","ping_status":"open","sticky":false,"template":"","format":"standard","meta":[],"categories":[10],"tags":[],"_links":{"self":[{"href":"https:\/\/dgospel.com.br\/portal\/index.php\/wp-json\/wp\/v2\/posts\/21156"}],"collection":[{"href":"https:\/\/dgospel.com.br\/portal\/index.php\/wp-json\/wp\/v2\/posts"}],"about":[{"href":"https:\/\/dgospel.com.br\/portal\/index.php\/wp-json\/wp\/v2\/types\/post"}],"author":[{"embeddable":true,"href":"https:\/\/dgospel.com.br\/portal\/index.php\/wp-json\/wp\/v2\/users\/2"}],"replies":[{"embeddable":true,"href":"https:\/\/dgospel.com.br\/portal\/index.php\/wp-json\/wp\/v2\/comments?post=21156"}],"version-history":[{"count":1,"href":"https:\/\/dgospel.com.br\/portal\/index.php\/wp-json\/wp\/v2\/posts\/21156\/revisions"}],"predecessor-version":[{"id":21158,"href":"https:\/\/dgospel.com.br\/portal\/index.php\/wp-json\/wp\/v2\/posts\/21156\/revisions\/21158"}],"wp:featuredmedia":[{"embeddable":true,"href":"https:\/\/dgospel.com.br\/portal\/index.php\/wp-json\/wp\/v2\/media\/21157"}],"wp:attachment":[{"href":"https:\/\/dgospel.com.br\/portal\/index.php\/wp-json\/wp\/v2\/media?parent=21156"}],"wp:term":[{"taxonomy":"category","embeddable":true,"href":"https:\/\/dgospel.com.br\/portal\/index.php\/wp-json\/wp\/v2\/categories?post=21156"},{"taxonomy":"post_tag","embeddable":true,"href":"https:\/\/dgospel.com.br\/portal\/index.php\/wp-json\/wp\/v2\/tags?post=21156"}],"curies":[{"name":"wp","href":"https:\/\/api.w.org\/{rel}","templated":true}]}}