{"id":21171,"date":"2024-12-10T12:24:35","date_gmt":"2024-12-10T15:24:35","guid":{"rendered":"https:\/\/dgospel.com.br\/portal\/?p=21171"},"modified":"2024-12-10T12:24:36","modified_gmt":"2024-12-10T15:24:36","slug":"em-palmas-governo-do-tocantins-promove-capacitacao-sobre-recuperacao-de-nascentes","status":"publish","type":"post","link":"https:\/\/dgospel.com.br\/portal\/index.php\/2024\/12\/10\/em-palmas-governo-do-tocantins-promove-capacitacao-sobre-recuperacao-de-nascentes\/","title":{"rendered":"Em Palmas, Governo do Tocantins promove capacita\u00e7\u00e3o sobre recupera\u00e7\u00e3o de nascentes"},"content":{"rendered":"\n<p>O Governo do Tocantins, por meio do Instituto de Desenvolvimento Rural (Ruraltins), realizou nessa segunda-feira, 9 de dezembro, um&nbsp;<em>Dia T\u00e9cnico sobre Recupera\u00e7\u00e3o de Nascentes<\/em>. O encontro que integra o&nbsp;<em>Conv\u00eanio Agro + Produtor Rural Oportunidade<\/em>&nbsp;(Siconv n\u00ba 839847\/2016), ocorreu no audit\u00f3rio da Superintend\u00eancia do Minist\u00e9rio da Agricultura, Pecu\u00e1ria e Abastecimento (Mapa), em Palmas, e uma visita t\u00e9cnica no per\u00edodo da tarde.<\/p>\n\n\n\n<p>O evento, que reuniu especialistas e t\u00e9cnicos, teve como foco a capacita\u00e7\u00e3o dos profissionais e o planejamento de a\u00e7\u00f5es para a recupera\u00e7\u00e3o de nascentes no Tocantins, com o objetivo de aplicar tecnologias de sucesso em outras regi\u00f5es no contexto local.<\/p>\n\n\n\n<p>Durante a programa\u00e7\u00e3o da manh\u00e3, o engenheiro agr\u00f4nomo e organizador do evento, Jos\u00e9 Carlos, destacou a necessidade de o Tocantins adotar tecnologias comprovadamente eficazes em outras regi\u00f5es do Brasil. &#8220;O objetivo principal \u00e9 conhecer as tecnologias que deram certo, para que possamos aplic\u00e1-las de forma adaptada aqui no estado, fortalecendo as pol\u00edticas de preserva\u00e7\u00e3o ambiental, afirmou Jos\u00e9 Carlos&#8221;.<\/p>\n\n\n\n<p>J\u00e1 o palestrante Evanildo Pereira Lima, da Empresa Baiana de Saneamento B\u00e1sico (Embasa), compartilhou as experi\u00eancias desenvolvidas pela institui\u00e7\u00e3o desde 2017 no estado da Bahia, com foco na recupera\u00e7\u00e3o de nascentes em \u00e1reas de capta\u00e7\u00e3o de \u00e1gua. Ele detalhou as estrat\u00e9gias utilizadas e os resultados alcan\u00e7ados, que servem como refer\u00eancia para outros estados. \u201cBasicamente minha vinda aqui ao estado do Tocantins pela segunda vez, j\u00e1 vim aqui como turista, um belo Estado. Retorno agora para apresentar uma experi\u00eancia pr\u00e1tica, concreta de seis anos de trabalho basicamente com a recupera\u00e7\u00e3o de mananciais de nascentes, margem de rio, educa\u00e7\u00e3o ambiental, mobiliza\u00e7\u00e3o social. Vim aqui apresentar uma experi\u00eancia e buscar motiv\u00e1-los a fazer uma caminhada com a gente de prote\u00e7\u00e3o de mananciais que voc\u00eas utilizam aqui no estado\u201d, detalhou.<\/p>\n\n\n\n<p>A engenheira ambiental do Ruraltins de Para\u00edso, Anzeluci Fernandes, refor\u00e7ou a import\u00e2ncia do evento. &#8220;Receber essas orienta\u00e7\u00f5es t\u00e9cnicas \u00e9 essencial para aplicarmos na nossa regi\u00e3o. A recupera\u00e7\u00e3o de nascentes \u00e9 um trabalho estrat\u00e9gico para a preserva\u00e7\u00e3o ambiental e a garantia de recursos h\u00eddricos para as futuras gera\u00e7\u00f5es. Somos um estado muito rico, por\u00e9m sofremos com a degrada\u00e7\u00e3o ambiental proveniente principalmente das grandes lavouras que est\u00e3o sendo plantadas. N\u00f3s como extensionistas rural temos uma miss\u00e3o, n\u00e3o ser\u00e1 f\u00e1cil, mas n\u00e3o \u00e9 imposs\u00edvel, sabemos da import\u00e2ncia e estamos dispostos a colocar em pr\u00e1tica&#8221;, ressaltou a engenheira.<\/p>\n\n\n\n<p><strong>Visita t\u00e9cnica no per\u00edodo da tarde<\/strong><\/p>\n\n\n\n<p>No per\u00edodo da tarde, os participantes realizaram uma visita t\u00e9cnica \u00e0 fazenda Elite localizada na regi\u00e3o de Porto Nacional. O local foi escolhido como modelo para a demonstra\u00e7\u00e3o pr\u00e1tica das t\u00e9cnicas de recupera\u00e7\u00e3o de nascentes, discutidas durante o evento. O intuito foi observar o tipo de interven\u00e7\u00e3o que seria mais interessante, levando em considera\u00e7\u00e3o a teoria aplicada no per\u00edodo da manh\u00e3.<\/p>\n\n\n\n<p><strong>Compromisso com a preserva\u00e7\u00e3o ambiental<\/strong><\/p>\n\n\n\n<p>O presidente do Ruraltins, Fl\u00e1vio Terence, refor\u00e7a o compromisso do Governo do Tocantins em capacitar t\u00e9cnicos para desenvolver a\u00e7\u00f5es de preserva\u00e7\u00e3o dos mananciais, considerando que \u00e9 a maior riqueza do Tocantins. \u201cEste evento refor\u00e7a o compromisso do Ruraltins com a preserva\u00e7\u00e3o ambiental e a gest\u00e3o sustent\u00e1vel dos recursos h\u00eddricos, que s\u00e3o essenciais para o desenvolvimento do Tocantins, j\u00e1 que temos essa riqueza que s\u00e3o os rios. A recupera\u00e7\u00e3o de nascentes \u00e9 uma a\u00e7\u00e3o estrat\u00e9gica que beneficia diretamente o meio ambiente e as comunidades que dependem desses recursos. Nosso objetivo \u00e9 capacitar nossos t\u00e9cnicos e trabalhar em parceria com outras institui\u00e7\u00f5es para implementar solu\u00e7\u00f5es eficazes e duradouras. Acreditamos que, com uni\u00e3o e dedica\u00e7\u00e3o, podemos transformar o Tocantins em um estado refer\u00eancia na preserva\u00e7\u00e3o dos mananciais e na sustentabilidade&#8221;, declarou o gestor.<\/p>\n\n\n\n<p>A iniciativa reafirma o compromisso do Governo do Tocantins, por meio do Ruraltins, com a gest\u00e3o sustent\u00e1vel dos recursos h\u00eddricos e a preserva\u00e7\u00e3o de \u00e1reas estrat\u00e9gicas para o abastecimento de \u00e1gua no estado.<\/p>\n\n\n\n<p>Al\u00e9m dos t\u00e9cnicos do Ruraltins, tamb\u00e9m participaram do evento, t\u00e9cnicos da Ag\u00eancia de Saneamento de Palmas (ATS), secretaria de Recursos H\u00eddricos e Meio Ambiente e o N\u00facleo de Estudos Rurais, Desigualdades e Sistema Socioecol\u00f3gicos de Pesquisa da Universidade Federal do Tocantins (Neruds\/UFT).<\/p>\n\n\n\n<p><img src=\"https:\/\/central.to.gov.br\/image\/404427?w=670&amp;h=383\"><\/p>\n\n\n\n<p>Projeto Guardi\u00f5es das \u00e1guas dos Rios Joanes e Jacup\u00e9 apresentado no Tocantins &#8211; Ruraltins\/Governo do Tocantins&nbsp;<a href=\"https:\/\/central.to.gov.br\/image\/404427?f=1\" target=\"_blank\" rel=\"noreferrer noopener\"><em>file_download<\/em><\/a><\/p>\n\n\n\n<p><img src=\"https:\/\/central.to.gov.br\/image\/404426?w=670&amp;h=383\"><\/p>\n\n\n\n<p>Participaram t\u00e9cnicos do Ruraltins, da Secretaria de Estado do Meio Ambiente e Recursos H\u00eddricos e da Ag\u00eancia Tocantinense de Saneamento &#8211; Ruraltins\/Governo do Tocantins&nbsp;<\/p>\n","protected":false},"excerpt":{"rendered":"<p>O Governo do Tocantins, por meio do Instituto de Desenvolvimento Rural (Ruraltins), realizou nessa segunda-feira, 9 de dezembro, um&nbsp;Dia T\u00e9cnico sobre Recupera\u00e7\u00e3o de Nascentes. O encontro que integra o&nbsp;Conv\u00eanio Agro + Produtor Rural Oportunidade&nbsp;(Siconv n\u00ba 839847\/2016), ocorreu no audit\u00f3rio da Superintend\u00eancia do Minist\u00e9rio da Agricultura, Pecu\u00e1ria e Abastecimento (Mapa), em Palmas, e uma visita t\u00e9cnica [&hellip;]<\/p>\n","protected":false},"author":2,"featured_media":21172,"comment_status":"open","ping_status":"open","sticky":false,"template":"","format":"standard","meta":[],"categories":[3],"tags":[13],"_links":{"self":[{"href":"https:\/\/dgospel.com.br\/portal\/index.php\/wp-json\/wp\/v2\/posts\/21171"}],"collection":[{"href":"https:\/\/dgospel.com.br\/portal\/index.php\/wp-json\/wp\/v2\/posts"}],"about":[{"href":"https:\/\/dgospel.com.br\/portal\/index.php\/wp-json\/wp\/v2\/types\/post"}],"author":[{"embeddable":true,"href":"https:\/\/dgospel.com.br\/portal\/index.php\/wp-json\/wp\/v2\/users\/2"}],"replies":[{"embeddable":true,"href":"https:\/\/dgospel.com.br\/portal\/index.php\/wp-json\/wp\/v2\/comments?post=21171"}],"version-history":[{"count":1,"href":"https:\/\/dgospel.com.br\/portal\/index.php\/wp-json\/wp\/v2\/posts\/21171\/revisions"}],"predecessor-version":[{"id":21173,"href":"https:\/\/dgospel.com.br\/portal\/index.php\/wp-json\/wp\/v2\/posts\/21171\/revisions\/21173"}],"wp:featuredmedia":[{"embeddable":true,"href":"https:\/\/dgospel.com.br\/portal\/index.php\/wp-json\/wp\/v2\/media\/21172"}],"wp:attachment":[{"href":"https:\/\/dgospel.com.br\/portal\/index.php\/wp-json\/wp\/v2\/media?parent=21171"}],"wp:term":[{"taxonomy":"category","embeddable":true,"href":"https:\/\/dgospel.com.br\/portal\/index.php\/wp-json\/wp\/v2\/categories?post=21171"},{"taxonomy":"post_tag","embeddable":true,"href":"https:\/\/dgospel.com.br\/portal\/index.php\/wp-json\/wp\/v2\/tags?post=21171"}],"curies":[{"name":"wp","href":"https:\/\/api.w.org\/{rel}","templated":true}]}}