{"id":21192,"date":"2024-12-17T12:43:31","date_gmt":"2024-12-17T15:43:31","guid":{"rendered":"https:\/\/dgospel.com.br\/portal\/?p=21192"},"modified":"2024-12-17T12:46:13","modified_gmt":"2024-12-17T15:46:13","slug":"governo-do-tocantins-atende-mais-de-60-mil-trabalhadores-com-acoes-de-capacitacao-e-insercao-no-mercado-de-trabalho","status":"publish","type":"post","link":"https:\/\/dgospel.com.br\/portal\/index.php\/2024\/12\/17\/governo-do-tocantins-atende-mais-de-60-mil-trabalhadores-com-acoes-de-capacitacao-e-insercao-no-mercado-de-trabalho\/","title":{"rendered":"Governo do Tocantins atende mais de 60 mil trabalhadores com a\u00e7\u00f5es de capacita\u00e7\u00e3o e inser\u00e7\u00e3o no mercado de trabalho"},"content":{"rendered":"\n<p>O Governo do Tocantins, por meio da Secretaria de Estado do Trabalho e Desenvolvimento Social (Setas), investiu, em 2024, na capacita\u00e7\u00e3o e na inser\u00e7\u00e3o de profissionais no mercado de trabalho, al\u00e9m de promover assist\u00eancia social aos mais vulner\u00e1veis. De janeiro a outubro deste ano, foram realizados 61.871 atendimentos ao trabalhador tocantinense, sendo captadas 6.938 oportunidades de emprego, encaminhados 13.457 trabalhadores e efetivados 868 no mercado de trabalho.&nbsp;<\/p>\n\n\n\n<p>Dados do Novo Cadastro Geral de Empregados e Desempregados (Novo Caged), divulgados pelo Minist\u00e9rio do Trabalho e Emprego (MTE) em outubro de 2024, apontam que o Tocantins teve saldo positivo de empregos formais por dez meses consecutivos, registrando<strong>&nbsp;<\/strong>saldo positivo de 1.316 vagas de empregos formais.<\/p>\n\n\n\n<p>\u201cTrabalhamos para o crescimento da economia e a gera\u00e7\u00e3o de emprego e renda para a nossa popula\u00e7\u00e3o, ao incentivar as empresas, melhorar a log\u00edstica e oferecer mais oportunidades para o cidad\u00e3o. Os n\u00fameros positivos do mercado de trabalho tocantinense nos trazem seguran\u00e7a para prosseguir no planejamento das a\u00e7\u00f5es e com investimentos para que esses resultados exitosos sejam ainda melhores e alcancem mais profissionais\u201d, destaca o governador Wanderlei Barbosa.<\/p>\n\n\n\n<p>O Governo do Tocantins inaugurou, em abril deste ano, um posto do Sine no Distrito de Luzimangues, munic\u00edpio de Porto Nacional, registrando o cadastro de&nbsp;mais de 100 empresas da regi\u00e3o e 724 atendimentos prestados. A assistente administrativa D\u00e9bora Soares, contratada de uma loja de motope\u00e7as, por meio da intermedia\u00e7\u00e3o do Sine de Luzimangues, ressalta que a chegada do posto no distrito facilitou muito a vida dos moradores. \u201cAntes, precis\u00e1vamos ir de com\u00e9rcio em com\u00e9rcio buscando uma vaga de emprego, e, agora, fica tudo concentrado no Sine. Fui muito bem atendida pela equipe e, na segunda vez que concorri \u00e0 vaga, fui contratada\u201d. O empres\u00e1rio de Luzimangues, Alessandro Lopes, tamb\u00e9m parabenizou a iniciativa do Governo do Tocantins de levar um posto do Sine para o distrito. \u201cO atendimento no posto \u00e9 r\u00e1pido e facilita muito a nossa busca por trabalhadores\u201d, declara o empres\u00e1rio.<\/p>\n\n\n\n<p>Um diferencial do trabalho desenvolvido pelos postos do Sine \u00e9 o forte enfoque na orienta\u00e7\u00e3o profissional dos trabalhadores, uma etapa crucial para preparar e direcionar os candidatos para as exig\u00eancias do mercado. Essa orienta\u00e7\u00e3o envolve aconselhamento sobre comportamento em entrevistas, t\u00e9cnicas de comunica\u00e7\u00e3o, elabora\u00e7\u00e3o de curr\u00edculos e entendimento das compet\u00eancias demandadas pelas empresas.<\/p>\n\n\n\n<p>Entre janeiro e setembro de 2024, 4.736 trabalhadores participaram de atividades formativas. Essas a\u00e7\u00f5es s\u00e3o fundamentais para o desenvolvimento de habilidades e compet\u00eancias que aumentam a empregabilidade. As atividades formativas realizadas incluem orienta\u00e7\u00e3o profissional e capacita\u00e7\u00e3o, palestras, cursos, workshops e oficinas.<\/p>\n\n\n\n<p>\u201cOs n\u00fameros positivos do estado, relativos ao emprego formal, refletem os esfor\u00e7os do Governo do Tocantins em intermediar o acesso do trabalhador \u00e0s vagas de emprego dispon\u00edveis e \u00e0s capacita\u00e7\u00f5es para que adentrem o mercado de trabalho\u201d, destaca a secret\u00e1ria de Estado do Trabalho e Desenvolvimento Social,&nbsp;Cleizenir Divina dos Santos.<\/p>\n\n\n\n<p><strong>Programa Jovem&nbsp;Trabalhador<\/strong><\/p>\n\n\n\n<p>O programa&nbsp;<em>Jovem Trabalhador<\/em>&nbsp;\u00e9 uma iniciativa do Governo do Tocantins, por meio da Setas, com o objetivo de inserir no mercado de trabalho jovens e adolescentes com idade entre 16 e 21 anos, residentes nos 139 munic\u00edpios tocantinenses e em situa\u00e7\u00e3o de vulnerabilidade social. At\u00e9 o momento, o programa j\u00e1 incluiu 2.744 jovens no mercado de trabalho, gra\u00e7as \u00e0 parceria entre o Governo do Tocantins e os \u00f3rg\u00e3os p\u00fablicos estaduais e municipais. A meta \u00e9 a inser\u00e7\u00e3o de 3 mil adolescentes e jovens no mercado de trabalho e a empresa contratada para sua execu\u00e7\u00e3o \u00e9 a Rede Nacional de Aprendizagem, Promo\u00e7\u00e3o Social e Integra\u00e7\u00e3o (Renapsi).<\/p>\n\n\n\n<p>Sara Parlandrino Pereira, de 16 anos, aluna do Col\u00e9gio Raquel de Queiroz, do Jardim Aureny III, relata sua experi\u00eancia com o primeiro emprego. \u201cO programa&nbsp;<em>Jovem Trabalhador&nbsp;<\/em>tem me ajudado bastante a me desenvolver como profissional. Venho aprendendo muitas coisas com meus colegas de trabalho e fico muito feliz com isso\u201d, frisa Sara, que trabalha na Secretaria de Estado da Cidadania e Justi\u00e7a (Seciju) desde julho de 2023.&nbsp;<\/p>\n\n\n\n<p>Nesta nova etapa do projeto, ocorreu a sele\u00e7\u00e3o de dez integrantes&nbsp;do Jovem Trabalhador para um&nbsp;interc\u00e2mbio cultural em Barcelona, na Espanha. O interc\u00e2mbio est\u00e1&nbsp;previsto para fevereiro de 2025.<\/p>\n\n\n\n<p><strong>Assist\u00eancia Social<\/strong><\/p>\n\n\n\n<p>Outra iniciativa importante foi o adiantamento de parcela dos Benef\u00edcios Eventuais, com objetivo de socorrer os munic\u00edpios atingidos por inc\u00eandios florestais. Em setembro de 2024, o Governo do Tocantins, por meio da Setas, destinou entre R$ 32 mil e R$ 42 mil, de acordo com o porte dos munic\u00edpios, conforme a Portaria n\u00b0 148 de 2024, que estabelece os crit\u00e9rios de partilha e transfer\u00eancia de recursos dos Benef\u00edcios Eventuais.&nbsp;<\/p>\n\n\n\n<p>Os Benef\u00edcios Eventuais s\u00e3o uma pol\u00edtica de Assist\u00eancia Social que visa atender necessidades b\u00e1sicas de fam\u00edlias e indiv\u00edduos em situa\u00e7\u00f5es de vulnerabilidade social, como nascimento, morte na fam\u00edlia, calamidade p\u00fablica ou vulnerabilidade tempor\u00e1ria. Os recursos s\u00e3o oriundos do Fundo Estadual de Combate e Erradica\u00e7\u00e3o da Pobreza (Fecoep) e a Setas \u00e9 respons\u00e1vel por repassar os recursos para munic\u00edpios do Estado.<\/p>\n\n\n\n<p><strong>Cart\u00e3o do Idoso<\/strong><\/p>\n\n\n\n<p>O Governo do Tocantins, por meio da Setas, entregou, em 2024, mais de 9 mil Cart\u00f5es Intermunicipais do Idoso. O Cart\u00e3o consiste em uma pol\u00edtica p\u00fablica prevista pela Lei Estadual n\u00ba 2.002, de 17 de dezembro de 2008, que concede gratuidade no transporte rodovi\u00e1rio e aquavi\u00e1rio intermunicipal de passageiros com idade igual ou superior a 60 anos.<\/p>\n\n\n\n<p><strong>Casa de Apoio<\/strong><\/p>\n\n\n\n<p>A Casa de Apoio Vera Pagani, mantida pelo Governo Estadual, atendeu mais de 16 mil pessoas entre janeiro e novembro de 2024, com&nbsp;aproximadamente 31,9 mil refei\u00e7\u00f5es ofertadas para os h\u00f3spedes. A Casa de Apoio visa atender pacientes vindos dos diversos munic\u00edpios do Tocantins, al\u00e9m de outros estados, que est\u00e3o em tratamento nos hospitais p\u00fablicos estaduais da Capital. &#8220;A Casa de Apoio \u00e9 muito importante para n\u00f3s que precisamos ficar por um tempo em Palmas para o tratamento da sa\u00fade e n\u00e3o temos condi\u00e7\u00f5es de ficar em hotel. Aqui, a gente tem tudo o que necessita\u201d, afirma o paciente Nereu Soares, que mora em Taguatinga.<\/p>\n\n\n\n<p><strong>Programa Crian\u00e7a Feliz (PCF)<\/strong><\/p>\n\n\n\n<p>Entre janeiro e novembro de 2024, foram realizadas 271.858 visitas do&nbsp;Programa Crian\u00e7a Feliz (PCF), sendo 9.253 fam\u00edlias e 10.809 pessoas. O Tocantins \u00e9 refer\u00eancia do projeto no pa\u00eds, o Crian\u00e7a Feliz busca promover o desenvolvimento adequado da primeira inf\u00e2ncia, integrando a\u00e7\u00f5es nas \u00e1reas da sa\u00fade, assist\u00eancia social, educa\u00e7\u00e3o, justi\u00e7a, cultura e direitos humanos.<\/p>\n\n\n\n<p>Al\u00e9m das a\u00e7\u00f5es em destaque, o Governo do Tocantins, por meio da Setas, realiza ainda a\u00e7\u00f5es para garantir a seguran\u00e7a alimentar e nutricional das fam\u00edlias em situa\u00e7\u00e3o de vulnerabilidade social, tais como oficinas de aproveitamento de alimentos abundantes nos munic\u00edpios; cursos de capacita\u00e7\u00e3o para gerar trabalho e renda, com base na realidade do munic\u00edpio.<\/p>\n\n\n\n<p><img src=\"https:\/\/central.to.gov.br\/image\/405421?w=670&amp;h=383\"><\/p>\n\n\n\n<p>De janeiro a novembro, o Programa Crian\u00e7a Feliz realizou 271.858 visitas no Tocantins &#8211; Carlessandro Souza\/Governo do Tocantins&nbsp;<a href=\"https:\/\/central.to.gov.br\/image\/405421?f=1\" target=\"_blank\" rel=\"noreferrer noopener\"><em>file_download<\/em><\/a><\/p>\n\n\n\n<p><img src=\"https:\/\/central.to.gov.br\/image\/405422?w=670&amp;h=383\"><\/p>\n\n\n\n<p>D\u00e9bora Soares foi contratada por loja de motope\u00e7as com intermedia\u00e7\u00e3o do Sine ( &#8211; Setas\/Governo do Tocantins&nbsp;<a href=\"https:\/\/central.to.gov.br\/image\/405422?f=1\" target=\"_blank\" rel=\"noreferrer noopener\"><em>file_download<\/em><\/a><\/p>\n\n\n\n<p><img src=\"https:\/\/central.to.gov.br\/image\/405423?w=670&amp;h=383\"><\/p>\n\n\n\n<p>Empres\u00e1rio de Luzimangues Alessandro Lopes fala da agilidade do Sine &#8211; Setas\/Governo do Tocantins&nbsp;<a href=\"https:\/\/central.to.gov.br\/image\/405423?f=1\" target=\"_blank\" rel=\"noreferrer noopener\"><em>file_download<\/em><\/a><\/p>\n\n\n\n<p><img src=\"https:\/\/central.to.gov.br\/image\/405424?w=670&amp;h=383\"><\/p>\n\n\n\n<p>Governo do Tocantins, por meio da Setas, entregou, em 2024, mais de 9 mil Cart\u00f5es Intermunicipais do Idoso &#8211; Carlessandro Souza\/Governo do Tocantins&nbsp;<a href=\"https:\/\/central.to.gov.br\/image\/405424?f=1\" target=\"_blank\" rel=\"noreferrer noopener\"><em>file_download<\/em><\/a><\/p>\n\n\n\n<p><img src=\"https:\/\/central.to.gov.br\/image\/405426?w=670&amp;h=383\"><\/p>\n\n\n\n<p>Sara Parlandrino Pereira, de 16 anos, aluna do Col\u00e9gio Raquel de Queiroz, relata sua experi\u00eancia com o primeiro emprego &#8211; Carlessandro Souza\/Governo do Tocantins&nbsp;<a href=\"https:\/\/central.to.gov.br\/image\/405426?f=1\" target=\"_blank\" rel=\"noreferrer noopener\"><em>file_download<\/em><\/a><\/p>\n","protected":false},"excerpt":{"rendered":"<p>O Governo do Tocantins, por meio da Secretaria de Estado do Trabalho e Desenvolvimento Social (Setas), investiu, em 2024, na capacita\u00e7\u00e3o e na inser\u00e7\u00e3o de profissionais no mercado de trabalho, al\u00e9m de promover assist\u00eancia social aos mais vulner\u00e1veis. De janeiro a outubro deste ano, foram realizados 61.871 atendimentos ao trabalhador tocantinense, sendo captadas 6.938 oportunidades [&hellip;]<\/p>\n","protected":false},"author":2,"featured_media":21193,"comment_status":"open","ping_status":"open","sticky":false,"template":"","format":"standard","meta":[],"categories":[3],"tags":[13],"_links":{"self":[{"href":"https:\/\/dgospel.com.br\/portal\/index.php\/wp-json\/wp\/v2\/posts\/21192"}],"collection":[{"href":"https:\/\/dgospel.com.br\/portal\/index.php\/wp-json\/wp\/v2\/posts"}],"about":[{"href":"https:\/\/dgospel.com.br\/portal\/index.php\/wp-json\/wp\/v2\/types\/post"}],"author":[{"embeddable":true,"href":"https:\/\/dgospel.com.br\/portal\/index.php\/wp-json\/wp\/v2\/users\/2"}],"replies":[{"embeddable":true,"href":"https:\/\/dgospel.com.br\/portal\/index.php\/wp-json\/wp\/v2\/comments?post=21192"}],"version-history":[{"count":2,"href":"https:\/\/dgospel.com.br\/portal\/index.php\/wp-json\/wp\/v2\/posts\/21192\/revisions"}],"predecessor-version":[{"id":21195,"href":"https:\/\/dgospel.com.br\/portal\/index.php\/wp-json\/wp\/v2\/posts\/21192\/revisions\/21195"}],"wp:featuredmedia":[{"embeddable":true,"href":"https:\/\/dgospel.com.br\/portal\/index.php\/wp-json\/wp\/v2\/media\/21193"}],"wp:attachment":[{"href":"https:\/\/dgospel.com.br\/portal\/index.php\/wp-json\/wp\/v2\/media?parent=21192"}],"wp:term":[{"taxonomy":"category","embeddable":true,"href":"https:\/\/dgospel.com.br\/portal\/index.php\/wp-json\/wp\/v2\/categories?post=21192"},{"taxonomy":"post_tag","embeddable":true,"href":"https:\/\/dgospel.com.br\/portal\/index.php\/wp-json\/wp\/v2\/tags?post=21192"}],"curies":[{"name":"wp","href":"https:\/\/api.w.org\/{rel}","templated":true}]}}