{"id":21202,"date":"2024-12-18T09:13:58","date_gmt":"2024-12-18T12:13:58","guid":{"rendered":"https:\/\/dgospel.com.br\/portal\/?p=21202"},"modified":"2024-12-18T09:13:59","modified_gmt":"2024-12-18T12:13:59","slug":"economia-da-argentina-cresce-39-e-pais-sai-da-recessao","status":"publish","type":"post","link":"https:\/\/dgospel.com.br\/portal\/index.php\/2024\/12\/18\/economia-da-argentina-cresce-39-e-pais-sai-da-recessao\/","title":{"rendered":"Economia da Argentina cresce 3,9%, e pa\u00eds sai da recess\u00e3o"},"content":{"rendered":"\n<p>O Produto Interno Bruto (PIB) da Argentina registrou uma retra\u00e7\u00e3o de 2,1% no terceiro trimestre em rela\u00e7\u00e3o ao mesmo per\u00edodo em 2023, completando uma s\u00e9rie de seis trimestres com taxas interanuais negativas, de acordo com dados divulgados nesta segunda-feira (16) pelo Instituto Nacional de Estat\u00edstica e Censos (Indec).<\/p>\n\n\n\n<p>Por outro lado, o PIB argentino conseguiu, entre julho e setembro, se recuperar em 3,9% em compara\u00e7\u00e3o com o segundo trimestre, ap\u00f3s tr\u00eas trimestres consecutivos de quedas.<\/p>\n\n\n\n<p>A atividade econ\u00f4mica deste ano foi afetada pelos efeitos da s\u00fabita desvaloriza\u00e7\u00e3o do peso argentino em dezembro de 2023, logo ap\u00f3s a posse do governo de Javier Milei, pelo dr\u00e1stico programa de ajuste implementado pelo novo governo e pela infla\u00e7\u00e3o ainda muito alta (166% em novembro no acumulado em 12 meses).<\/p>\n\n\n\n<p>De acordo com os dados oficiais, no terceiro trimestre houve uma combina\u00e7\u00e3o de crescimento de 3,9% do PIB na oferta global em compara\u00e7\u00e3o com o segundo trimestre de 2024 e um aumento de 9,1% nas importa\u00e7\u00f5es de bens e servi\u00e7os.<\/p>\n\n\n\n<p>Do lado da demanda agregada, houve uma melhora de 12% na forma\u00e7\u00e3o bruta de capital fixo e um aumento de 3,2% nas exporta\u00e7\u00f5es. J\u00e1 o consumo privado se recuperou em 4,6%, e o consumo p\u00fablico avan\u00e7ou 0,7%.<\/p>\n\n\n\n<p>Dos 16 setores que comp\u00f5em o PIB argentino, nove registraram queda na atividade no terceiro trimestre em rela\u00e7\u00e3o ao mesmo per\u00edodo no ano anterior. Entre as principais baixas est\u00e3o as em constru\u00e7\u00e3o (-14,9%), ind\u00fastria manufatureira (-5,9%) e com\u00e9rcio (-6,1%).<\/p>\n\n\n\n<p>A nota positiva foi dada pelo setor agr\u00edcola, com um salto interanual de 13,2%, embora a partir de uma base muito fraca devido \u00e0 grave seca que atingiu essa atividade em 2023.<\/p>\n\n\n\n<p>Nos tr\u00eas primeiros trimestres do ano, o PIB da Argentina caiu 3%.<\/p>\n\n\n\n<p>De acordo com as \u00faltimas proje\u00e7\u00f5es privadas coletadas pelo Banco Central argentino, espera-se que o PIB do pa\u00eds caia 3% em 2024 como um todo, depois de uma contra\u00e7\u00e3o de 1,6% em 2023.<\/p>\n\n\n\n<p>*EFE<\/p>\n","protected":false},"excerpt":{"rendered":"<p>O Produto Interno Bruto (PIB) da Argentina registrou uma retra\u00e7\u00e3o de 2,1% no terceiro trimestre em rela\u00e7\u00e3o ao mesmo per\u00edodo em 2023, completando uma s\u00e9rie de seis trimestres com taxas interanuais negativas, de acordo com dados divulgados nesta segunda-feira (16) pelo Instituto Nacional de Estat\u00edstica e Censos (Indec). Por outro lado, o PIB argentino conseguiu, [&hellip;]<\/p>\n","protected":false},"author":2,"featured_media":21203,"comment_status":"open","ping_status":"open","sticky":false,"template":"","format":"standard","meta":[],"categories":[12,16],"tags":[],"_links":{"self":[{"href":"https:\/\/dgospel.com.br\/portal\/index.php\/wp-json\/wp\/v2\/posts\/21202"}],"collection":[{"href":"https:\/\/dgospel.com.br\/portal\/index.php\/wp-json\/wp\/v2\/posts"}],"about":[{"href":"https:\/\/dgospel.com.br\/portal\/index.php\/wp-json\/wp\/v2\/types\/post"}],"author":[{"embeddable":true,"href":"https:\/\/dgospel.com.br\/portal\/index.php\/wp-json\/wp\/v2\/users\/2"}],"replies":[{"embeddable":true,"href":"https:\/\/dgospel.com.br\/portal\/index.php\/wp-json\/wp\/v2\/comments?post=21202"}],"version-history":[{"count":1,"href":"https:\/\/dgospel.com.br\/portal\/index.php\/wp-json\/wp\/v2\/posts\/21202\/revisions"}],"predecessor-version":[{"id":21204,"href":"https:\/\/dgospel.com.br\/portal\/index.php\/wp-json\/wp\/v2\/posts\/21202\/revisions\/21204"}],"wp:featuredmedia":[{"embeddable":true,"href":"https:\/\/dgospel.com.br\/portal\/index.php\/wp-json\/wp\/v2\/media\/21203"}],"wp:attachment":[{"href":"https:\/\/dgospel.com.br\/portal\/index.php\/wp-json\/wp\/v2\/media?parent=21202"}],"wp:term":[{"taxonomy":"category","embeddable":true,"href":"https:\/\/dgospel.com.br\/portal\/index.php\/wp-json\/wp\/v2\/categories?post=21202"},{"taxonomy":"post_tag","embeddable":true,"href":"https:\/\/dgospel.com.br\/portal\/index.php\/wp-json\/wp\/v2\/tags?post=21202"}],"curies":[{"name":"wp","href":"https:\/\/api.w.org\/{rel}","templated":true}]}}