{"id":21205,"date":"2024-12-18T11:41:11","date_gmt":"2024-12-18T14:41:11","guid":{"rendered":"https:\/\/dgospel.com.br\/portal\/?p=21205"},"modified":"2024-12-18T11:41:12","modified_gmt":"2024-12-18T14:41:12","slug":"numero-de-areas-queimadas-no-brasil-dobra-em-2024-com-recorde-em-seis-anos","status":"publish","type":"post","link":"https:\/\/dgospel.com.br\/portal\/index.php\/2024\/12\/18\/numero-de-areas-queimadas-no-brasil-dobra-em-2024-com-recorde-em-seis-anos\/","title":{"rendered":"N\u00famero de \u00e1reas queimadas no Brasil dobra em 2024, com recorde em seis anos"},"content":{"rendered":"\n<p>O Brasil registrou um aumento alarmante nas queimadas em 2024. Segundo o Monitor do Fogo, do MapBiomas, cerca de 29,7 milh\u00f5es de hectares foram atingidos, representando um crescimento de 90% em rela\u00e7\u00e3o a 2023 e configurando a maior extens\u00e3o de \u00e1reas queimadas nos \u00faltimos seis anos.<\/p>\n\n\n\n<p>A Amaz\u00f4nia foi a regi\u00e3o mais impactada, concentrando 57% das \u00e1reas queimadas no pa\u00eds. No bioma, 16,9 milh\u00f5es de hectares foram incendiados, dos quais 7,6 milh\u00f5es correspondem a florestas. J\u00e1 no Cerrado, o fogo destruiu 9,6 milh\u00f5es de hectares, sendo 85% em vegeta\u00e7\u00e3o nativa. Esse n\u00famero est\u00e1 47% acima da m\u00e9dia registrada nos \u00faltimos cinco anos.<\/p>\n\n\n\n<p>O Pantanal tamb\u00e9m apresentou aumento significativo, com 1,9 milh\u00e3o de hectares queimados \u2014 um salto de 68% em compara\u00e7\u00e3o \u00e0 m\u00e9dia dos \u00faltimos cinco anos. Na Mata Atl\u00e2ntica, foram queimados 1 milh\u00e3o de hectares, majoritariamente em \u00e1reas agropecu\u00e1rias (71%). Em contrapartida, a Caatinga foi o \u00fanico bioma que registrou queda nas queimadas, com redu\u00e7\u00e3o de 49%.<\/p>\n\n\n\n<p>O Par\u00e1 liderou o ranking estadual, concentrando 6,97 milh\u00f5es de hectares queimados, representando 23% do total nacional e 41% das queimadas na Amaz\u00f4nia. Mato Grosso e Tocantins tamb\u00e9m registraram n\u00fameros elevados, com 6,8 milh\u00f5es e 2,7 milh\u00f5es de hectares, respectivamente, representando juntos 56% da \u00e1rea total queimada no pa\u00eds.<\/p>\n\n\n\n<p>S\u00e3o F\u00e9lix do Xingu, no Par\u00e1, foi o munic\u00edpio mais impactado, com 1,47 milh\u00e3o de hectares queimados. Corumb\u00e1, em Mato Grosso do Sul, ocupou o segundo lugar, com 837 mil hectares atingidos pelas chamas.<\/p>\n\n\n\n<p>Somente em novembro de 2024, as queimadas devastaram 2,2 milh\u00f5es de hectares no Brasil, \u00e1rea equivalente ao Estado de Sergipe. A Amaz\u00f4nia concentrou 81% do total, com 1,8 milh\u00e3o de hectares queimados, quase metade deles no Par\u00e1. Maranh\u00e3o e Mato Grosso foram os Estados seguintes mais afetados, com 477 mil e 180 mil hectares incendiados, respectivamente.<\/p>\n\n\n\n<p>No Cerrado, o fogo consumiu 237 mil hectares em novembro, 74% em vegeta\u00e7\u00e3o nativa, como savanas e florestas. No Pantanal, foram atingidos 98 mil hectares, majoritariamente em \u00e1reas campestres (87%). A Mata Atl\u00e2ntica registrou 12,5 mil hectares queimados, sobretudo em v\u00e1rzeas, enquanto o Pampa teve 3,3 mil hectares afetados.<\/p>\n","protected":false},"excerpt":{"rendered":"<p>O Brasil registrou um aumento alarmante nas queimadas em 2024. Segundo o Monitor do Fogo, do MapBiomas, cerca de 29,7 milh\u00f5es de hectares foram atingidos, representando um crescimento de 90% em rela\u00e7\u00e3o a 2023 e configurando a maior extens\u00e3o de \u00e1reas queimadas nos \u00faltimos seis anos. A Amaz\u00f4nia foi a regi\u00e3o mais impactada, concentrando 57% [&hellip;]<\/p>\n","protected":false},"author":2,"featured_media":21206,"comment_status":"open","ping_status":"open","sticky":false,"template":"","format":"standard","meta":[],"categories":[10],"tags":[13],"_links":{"self":[{"href":"https:\/\/dgospel.com.br\/portal\/index.php\/wp-json\/wp\/v2\/posts\/21205"}],"collection":[{"href":"https:\/\/dgospel.com.br\/portal\/index.php\/wp-json\/wp\/v2\/posts"}],"about":[{"href":"https:\/\/dgospel.com.br\/portal\/index.php\/wp-json\/wp\/v2\/types\/post"}],"author":[{"embeddable":true,"href":"https:\/\/dgospel.com.br\/portal\/index.php\/wp-json\/wp\/v2\/users\/2"}],"replies":[{"embeddable":true,"href":"https:\/\/dgospel.com.br\/portal\/index.php\/wp-json\/wp\/v2\/comments?post=21205"}],"version-history":[{"count":1,"href":"https:\/\/dgospel.com.br\/portal\/index.php\/wp-json\/wp\/v2\/posts\/21205\/revisions"}],"predecessor-version":[{"id":21207,"href":"https:\/\/dgospel.com.br\/portal\/index.php\/wp-json\/wp\/v2\/posts\/21205\/revisions\/21207"}],"wp:featuredmedia":[{"embeddable":true,"href":"https:\/\/dgospel.com.br\/portal\/index.php\/wp-json\/wp\/v2\/media\/21206"}],"wp:attachment":[{"href":"https:\/\/dgospel.com.br\/portal\/index.php\/wp-json\/wp\/v2\/media?parent=21205"}],"wp:term":[{"taxonomy":"category","embeddable":true,"href":"https:\/\/dgospel.com.br\/portal\/index.php\/wp-json\/wp\/v2\/categories?post=21205"},{"taxonomy":"post_tag","embeddable":true,"href":"https:\/\/dgospel.com.br\/portal\/index.php\/wp-json\/wp\/v2\/tags?post=21205"}],"curies":[{"name":"wp","href":"https:\/\/api.w.org\/{rel}","templated":true}]}}