{"id":21208,"date":"2024-12-18T11:51:45","date_gmt":"2024-12-18T14:51:45","guid":{"rendered":"https:\/\/dgospel.com.br\/portal\/?p=21208"},"modified":"2024-12-18T11:51:46","modified_gmt":"2024-12-18T14:51:46","slug":"revista-forbes-alerta-brasil-nao-aguenta-mais-dois-anos-de-governo-lula","status":"publish","type":"post","link":"https:\/\/dgospel.com.br\/portal\/index.php\/2024\/12\/18\/revista-forbes-alerta-brasil-nao-aguenta-mais-dois-anos-de-governo-lula\/","title":{"rendered":"Revista Forbes alerta: Brasil n\u00e3o aguenta mais dois anos de Governo Lula"},"content":{"rendered":"\n<p>O Brasil enfrenta uma das fases econ\u00f4micas mais desafiadoras das \u00faltimas d\u00e9cadas. A escalada do d\u00f3lar, que alcan\u00e7ou o patamar recorde de R$ 6,207 em 17 de dezembro, \u00e9 apenas um dos muitos indicadores que apontam para a gravidade do cen\u00e1rio. O real sofreu uma desvaloriza\u00e7\u00e3o de 28,2% somente em 2024, o que demonstra o impacto de pol\u00edticas econ\u00f4micas inst\u00e1veis e a crescente desconfian\u00e7a dos mercados.<\/p>\n\n\n\n<p>Al\u00e9m disso, a infla\u00e7\u00e3o continua descontrolada. Segundo o Relat\u00f3rio Focus, o IPCA de 2024 est\u00e1 projetado em 4,89%, enquanto a expectativa para 2025 \u00e9 de 4,60%, ambos acima da meta de 4,50%. Esse quadro corr\u00f3i o poder de compra das fam\u00edlias, atingindo com maior intensidade as classes mais vulner\u00e1veis. A queda no desemprego para 6,2%, conforme o IBGE, apesar de positiva, n\u00e3o compensa o impacto de empregos informais e de baixa qualidade, incapazes de acompanhar o aumento do custo de vida.<\/p>\n\n\n\n<p>A taxa Selic, principal ferramenta de controle inflacion\u00e1rio do Banco Central, j\u00e1 alcan\u00e7ou 12,25% ao ano ap\u00f3s sucessivos aumentos promovidos pelo Copom. Para 2025, est\u00e3o previstas novas altas, o que deve agravar ainda mais o custo do cr\u00e9dito, prejudicando diretamente o consumo e os investimentos.<\/p>\n\n\n\n<p>Enquanto isso, o sil\u00eancio de entidades empresariais, sindicatos e l\u00edderes pol\u00edticos tem sido ensurdecedor. Especialistas apontam que a falta de a\u00e7\u00f5es coordenadas e de estrat\u00e9gias efetivas por parte do governo refor\u00e7a a sensa\u00e7\u00e3o de paralisia nacional.<\/p>\n\n\n\n<p>Analistas econ\u00f4micos alertam que o Brasil n\u00e3o pode mais esperar por solu\u00e7\u00f5es paliativas. Dois anos de ina\u00e7\u00e3o podem ser fatais para a economia e para o futuro das pr\u00f3ximas gera\u00e7\u00f5es. A sociedade brasileira, que sofre as consequ\u00eancias mais diretas dessa crise, precisa romper o sil\u00eancio e exigir mudan\u00e7as reais.<\/p>\n\n\n\n<p>O governo, por sua vez, \u00e9 cobrado a controlar a situa\u00e7\u00e3o. Um plano econ\u00f4mico robusto, transparente e eficaz \u00e9 urgente para recuperar a confian\u00e7a dos investidores e reverter o colapso iminente. \u201cQuando a sociedade romper\u00e1 o sil\u00eancio e exigir\u00e1 mudan\u00e7as reais? O rel\u00f3gio est\u00e1 correndo, e o pre\u00e7o da omiss\u00e3o ser\u00e1 pago por todos n\u00f3s\u201d, destaca um economista.<\/p>\n\n\n\n<p>Diante de uma conjuntura t\u00e3o cr\u00edtica, o Brasil enfrenta a escolha entre continuar com discursos vazios ou adotar a\u00e7\u00f5es estruturais e corajosas. A in\u00e9rcia atual n\u00e3o \u00e9 uma op\u00e7\u00e3o. Apenas a uni\u00e3o de esfor\u00e7os entre governo, iniciativa privada e sociedade civil poder\u00e1 mudar o curso dos acontecimentos e evitar um desastre econ\u00f4mico ainda maior.<\/p>\n\n\n\n<p>O tempo para agir \u00e9 agora. O futuro do Brasil depende disso.<\/p>\n","protected":false},"excerpt":{"rendered":"<p>O Brasil enfrenta uma das fases econ\u00f4micas mais desafiadoras das \u00faltimas d\u00e9cadas. A escalada do d\u00f3lar, que alcan\u00e7ou o patamar recorde de R$ 6,207 em 17 de dezembro, \u00e9 apenas um dos muitos indicadores que apontam para a gravidade do cen\u00e1rio. O real sofreu uma desvaloriza\u00e7\u00e3o de 28,2% somente em 2024, o que demonstra o [&hellip;]<\/p>\n","protected":false},"author":2,"featured_media":21209,"comment_status":"open","ping_status":"open","sticky":false,"template":"","format":"standard","meta":[],"categories":[4],"tags":[],"_links":{"self":[{"href":"https:\/\/dgospel.com.br\/portal\/index.php\/wp-json\/wp\/v2\/posts\/21208"}],"collection":[{"href":"https:\/\/dgospel.com.br\/portal\/index.php\/wp-json\/wp\/v2\/posts"}],"about":[{"href":"https:\/\/dgospel.com.br\/portal\/index.php\/wp-json\/wp\/v2\/types\/post"}],"author":[{"embeddable":true,"href":"https:\/\/dgospel.com.br\/portal\/index.php\/wp-json\/wp\/v2\/users\/2"}],"replies":[{"embeddable":true,"href":"https:\/\/dgospel.com.br\/portal\/index.php\/wp-json\/wp\/v2\/comments?post=21208"}],"version-history":[{"count":1,"href":"https:\/\/dgospel.com.br\/portal\/index.php\/wp-json\/wp\/v2\/posts\/21208\/revisions"}],"predecessor-version":[{"id":21210,"href":"https:\/\/dgospel.com.br\/portal\/index.php\/wp-json\/wp\/v2\/posts\/21208\/revisions\/21210"}],"wp:featuredmedia":[{"embeddable":true,"href":"https:\/\/dgospel.com.br\/portal\/index.php\/wp-json\/wp\/v2\/media\/21209"}],"wp:attachment":[{"href":"https:\/\/dgospel.com.br\/portal\/index.php\/wp-json\/wp\/v2\/media?parent=21208"}],"wp:term":[{"taxonomy":"category","embeddable":true,"href":"https:\/\/dgospel.com.br\/portal\/index.php\/wp-json\/wp\/v2\/categories?post=21208"},{"taxonomy":"post_tag","embeddable":true,"href":"https:\/\/dgospel.com.br\/portal\/index.php\/wp-json\/wp\/v2\/tags?post=21208"}],"curies":[{"name":"wp","href":"https:\/\/api.w.org\/{rel}","templated":true}]}}