{"id":2121,"date":"2018-12-19T18:41:56","date_gmt":"2018-12-19T20:41:56","guid":{"rendered":"http:\/\/dgospel.com.br\/portal\/?p=2121"},"modified":"2018-12-19T18:41:56","modified_gmt":"2018-12-19T20:41:56","slug":"prefeitura-de-palmas-decreta-ponto-facultativo-em-razao-das-festividades-de-natal-e-ano-novo","status":"publish","type":"post","link":"https:\/\/dgospel.com.br\/portal\/index.php\/2018\/12\/19\/prefeitura-de-palmas-decreta-ponto-facultativo-em-razao-das-festividades-de-natal-e-ano-novo\/","title":{"rendered":"Prefeitura de Palmas decreta ponto facultativo em raz\u00e3o das festividades de Natal e Ano Novo"},"content":{"rendered":"<p>De acordo com o decreto N\u00ba 1. 672 de 18 de dezembro \u00e9 ponto facultativo nas reparti\u00e7\u00f5es p\u00fablicas da Administra\u00e7\u00e3o Direta e Indireta do Poder Executivo do Munic\u00edpio de Palmas, nos dias 24 e 31 de dezembro de 2018, em raz\u00e3o das festividades de Natal e Ano Novo.<\/p>\n<p class=\"yiv8535370486MsoNormal\">O decreto n\u00e3o se aplica aos servi\u00e7os essenciais e ininterruptos que funcionam em regime de plant\u00e3o permanente nas respectivas unidades gestoras de limpeza urbana, infraestrutura e ilumina\u00e7\u00e3o p\u00fablica,\u00a0bem como aos\u00a0\u00a0Conselhos Tutelares e aos Centros de Referencia de Assist\u00eancia Social.<\/p>\n","protected":false},"excerpt":{"rendered":"<p>De acordo com o decreto N\u00ba 1. 672 de 18 de dezembro \u00e9 ponto facultativo nas reparti\u00e7\u00f5es p\u00fablicas da Administra\u00e7\u00e3o Direta e Indireta do Poder Executivo do Munic\u00edpio de Palmas, nos dias 24 e 31 de dezembro de 2018, em raz\u00e3o das festividades de Natal e Ano Novo. O decreto n\u00e3o se aplica aos servi\u00e7os [&hellip;]<\/p>\n","protected":false},"author":2,"featured_media":2122,"comment_status":"open","ping_status":"open","sticky":false,"template":"","format":"standard","meta":[],"categories":[2,4],"tags":[],"_links":{"self":[{"href":"https:\/\/dgospel.com.br\/portal\/index.php\/wp-json\/wp\/v2\/posts\/2121"}],"collection":[{"href":"https:\/\/dgospel.com.br\/portal\/index.php\/wp-json\/wp\/v2\/posts"}],"about":[{"href":"https:\/\/dgospel.com.br\/portal\/index.php\/wp-json\/wp\/v2\/types\/post"}],"author":[{"embeddable":true,"href":"https:\/\/dgospel.com.br\/portal\/index.php\/wp-json\/wp\/v2\/users\/2"}],"replies":[{"embeddable":true,"href":"https:\/\/dgospel.com.br\/portal\/index.php\/wp-json\/wp\/v2\/comments?post=2121"}],"version-history":[{"count":1,"href":"https:\/\/dgospel.com.br\/portal\/index.php\/wp-json\/wp\/v2\/posts\/2121\/revisions"}],"predecessor-version":[{"id":2123,"href":"https:\/\/dgospel.com.br\/portal\/index.php\/wp-json\/wp\/v2\/posts\/2121\/revisions\/2123"}],"wp:featuredmedia":[{"embeddable":true,"href":"https:\/\/dgospel.com.br\/portal\/index.php\/wp-json\/wp\/v2\/media\/2122"}],"wp:attachment":[{"href":"https:\/\/dgospel.com.br\/portal\/index.php\/wp-json\/wp\/v2\/media?parent=2121"}],"wp:term":[{"taxonomy":"category","embeddable":true,"href":"https:\/\/dgospel.com.br\/portal\/index.php\/wp-json\/wp\/v2\/categories?post=2121"},{"taxonomy":"post_tag","embeddable":true,"href":"https:\/\/dgospel.com.br\/portal\/index.php\/wp-json\/wp\/v2\/tags?post=2121"}],"curies":[{"name":"wp","href":"https:\/\/api.w.org\/{rel}","templated":true}]}}