{"id":21215,"date":"2025-01-02T15:30:49","date_gmt":"2025-01-02T18:30:49","guid":{"rendered":"https:\/\/dgospel.com.br\/portal\/?p=21215"},"modified":"2025-01-02T15:30:50","modified_gmt":"2025-01-02T18:30:50","slug":"prefeito-eduardo-siqueira-campos-recebe-faixa-e-anuncia-obras-e-projetos-para-palmas","status":"publish","type":"post","link":"https:\/\/dgospel.com.br\/portal\/index.php\/2025\/01\/02\/prefeito-eduardo-siqueira-campos-recebe-faixa-e-anuncia-obras-e-projetos-para-palmas\/","title":{"rendered":"Prefeito Eduardo Siqueira Campos recebe faixa e anuncia obras e projetos para Palmas"},"content":{"rendered":"\n<p>Na Grande Pra\u00e7a do Espa\u00e7o Cultural Jos\u00e9 Gomes Sobrinho, a ex-prefeita Cinthia Ribeiro realizou a transmiss\u00e3o da faixa para o atual prefeito de Palmas, Eduardo Siqueira Campos. A solenidade aconteceu na tarde desta quarta-feira, 1\u00ba de janeiro de 2025. O mini prefeito e&nbsp;filho mais novo do gestor, Gael Siqueira, tamb\u00e9m recebeu a faixa ap\u00f3s a transmiss\u00e3o oficial de&nbsp;Cinthia para&nbsp;Eduardo.&nbsp;<\/p>\n\n\n\n<p>\u201cHoje \u00e9 o mesmo sol que com tanta intensidade brilhou no dia 20 de maio de 1989. Assim como h\u00e1 exatos 35 anos, em 1\u00ba de janeiro de 1990, passou a ser a nossa capital, essa cidade aben\u00e7oada. H\u00e1 32 anos fui eleito prefeito. Discurso hoje, debaixo de uma das obras que marcaram a minha trajet\u00f3ria, com muita alegria\u201d, relembrou&nbsp;Eduardo Siqueira.&nbsp;<\/p>\n\n\n\n<p>Acompanhado por um grande p\u00fablico, o prefeito Eduardo Siqueira Campos fez um ato simb\u00f3lico de \u201carrega\u00e7ar as mangas\u201d ao retirar a faixa, o palet\u00f3&nbsp;e a gravata, para simbolizar o in\u00edcio dos trabalhos \u00e0 frente da Prefeitura de Palmas. Ele destacou projetos que far\u00e1, tais como o&nbsp;hospital de urg\u00eancia e emerg\u00eancia na regi\u00e3o sul de Palmas, al\u00e9m do Pronto Atendimento Infantil nas regi\u00f5es norte e sul da Capital.&nbsp;<\/p>\n\n\n\n<p>\u201cAguardem por um prefeito que deixar\u00e1 a marca de um prefeito da sa\u00fade, da crian\u00e7a, junto com os Pioneiros Mirins, dos Amigos do Meio Ambiente, do p\u00e3o nosso de cada dia, das \u00f3ticas do povo, do Menina Mulher, do For\u00e7a Jovem. N\u00f3s passamos hoje a formar um programa social que chegar\u00e1 a 15 mil crian\u00e7as &#8220;, frisou o prefeito.&nbsp;<\/p>\n\n\n\n<p>Outras a\u00e7\u00f5es foram anunciadas pelo chefe do Executivo Municipal, como benef\u00edcios para m\u00e3es cuidadoras de crian\u00e7as neurodivergentes, al\u00e9m de obras que ser\u00e3o realizadas desde o Taquaralto ao Plano Diretor.&nbsp;<\/p>\n\n\n\n<p><strong>Ex-prefeita Cinthia Ribeiro<\/strong><\/p>\n\n\n\n<p>Ao fazer a transmiss\u00e3o da faixa, a ex-prefeita Cinthia Ribeiro falou sobre o seu legado e destacou estar muito feliz pelo seu sucessor, Eduardo Siqueira Campos,&nbsp;na Prefeitura de Palmas.<\/p>\n\n\n\n<p>\u201cHoje temos uma Palmas pronta para um futuro glorioso, de legisla\u00e7\u00f5es espec\u00edficas, daquilo que verdadeiramente feito a quatro, cinco, seis, dez m\u00e3os. Temos o melhor time de servidores do Brasil\u201d, disse, agradecendo a todos pela parceria e trabalho conjunto realizado ao longo dos seis anos em que ficou \u00e0 frente da Prefeitura de Palmas.&nbsp;<\/p>\n\n\n\n<p>A solenidade contou com a participa\u00e7\u00e3o da Orquestra Jovem da Guarda Metropolitana, que fez homenagens a ex-prefeita Cinthia e ao novo prefeito de Palmas, Eduardo Siqueira Campos. A transmiss\u00e3o da faixa foi aberta com b\u00ean\u00e7\u00e3o do vice-prefeito, pastor Carlos Eduardo Velozo. Por fim, a solenidade terminou com os atos de nomea\u00e7\u00e3o dos novos secret\u00e1rios municipais de Palmas e assinaturas de decretos.<\/p>\n","protected":false},"excerpt":{"rendered":"<p>Na Grande Pra\u00e7a do Espa\u00e7o Cultural Jos\u00e9 Gomes Sobrinho, a ex-prefeita Cinthia Ribeiro realizou a transmiss\u00e3o da faixa para o atual prefeito de Palmas, Eduardo Siqueira Campos. A solenidade aconteceu na tarde desta quarta-feira, 1\u00ba de janeiro de 2025. O mini prefeito e&nbsp;filho mais novo do gestor, Gael Siqueira, tamb\u00e9m recebeu a faixa ap\u00f3s a [&hellip;]<\/p>\n","protected":false},"author":2,"featured_media":21216,"comment_status":"open","ping_status":"open","sticky":false,"template":"","format":"standard","meta":[],"categories":[3],"tags":[13],"_links":{"self":[{"href":"https:\/\/dgospel.com.br\/portal\/index.php\/wp-json\/wp\/v2\/posts\/21215"}],"collection":[{"href":"https:\/\/dgospel.com.br\/portal\/index.php\/wp-json\/wp\/v2\/posts"}],"about":[{"href":"https:\/\/dgospel.com.br\/portal\/index.php\/wp-json\/wp\/v2\/types\/post"}],"author":[{"embeddable":true,"href":"https:\/\/dgospel.com.br\/portal\/index.php\/wp-json\/wp\/v2\/users\/2"}],"replies":[{"embeddable":true,"href":"https:\/\/dgospel.com.br\/portal\/index.php\/wp-json\/wp\/v2\/comments?post=21215"}],"version-history":[{"count":1,"href":"https:\/\/dgospel.com.br\/portal\/index.php\/wp-json\/wp\/v2\/posts\/21215\/revisions"}],"predecessor-version":[{"id":21217,"href":"https:\/\/dgospel.com.br\/portal\/index.php\/wp-json\/wp\/v2\/posts\/21215\/revisions\/21217"}],"wp:featuredmedia":[{"embeddable":true,"href":"https:\/\/dgospel.com.br\/portal\/index.php\/wp-json\/wp\/v2\/media\/21216"}],"wp:attachment":[{"href":"https:\/\/dgospel.com.br\/portal\/index.php\/wp-json\/wp\/v2\/media?parent=21215"}],"wp:term":[{"taxonomy":"category","embeddable":true,"href":"https:\/\/dgospel.com.br\/portal\/index.php\/wp-json\/wp\/v2\/categories?post=21215"},{"taxonomy":"post_tag","embeddable":true,"href":"https:\/\/dgospel.com.br\/portal\/index.php\/wp-json\/wp\/v2\/tags?post=21215"}],"curies":[{"name":"wp","href":"https:\/\/api.w.org\/{rel}","templated":true}]}}