{"id":21218,"date":"2025-01-02T17:35:24","date_gmt":"2025-01-02T20:35:24","guid":{"rendered":"https:\/\/dgospel.com.br\/portal\/?p=21218"},"modified":"2025-01-02T17:35:25","modified_gmt":"2025-01-02T20:35:25","slug":"prefeito-eduardo-siqueira-da-posse-para-29-secretarios-das-prefeitura-de-palmas","status":"publish","type":"post","link":"https:\/\/dgospel.com.br\/portal\/index.php\/2025\/01\/02\/prefeito-eduardo-siqueira-da-posse-para-29-secretarios-das-prefeitura-de-palmas\/","title":{"rendered":"Prefeito Eduardo Siqueira d\u00e1 posse para 29 secret\u00e1rios das Prefeitura de Palmas"},"content":{"rendered":"\n<p>Ap\u00f3s a solenidade de transmiss\u00e3o da faixa, o prefeito Eduardo Siqueira Campos deu in\u00edcio ao primeiro ato, a Medida Provis\u00f3ria da estrutura administrativa da sua gest\u00e3o e a posse de 29 secret\u00e1rios e presidentes de autarquias da Prefeitura de Palmas. Confira a rela\u00e7\u00e3o dos secret\u00e1rios empossados e os respectivos perfis:<\/p>\n\n\n\n<p><strong>Secret\u00e1rio da Casa Civil &#8211; Rolf Costa Vidal<\/strong><br>Advogado, Mestre em Desenvolvimento Regional, especialista em Direito P\u00fablico, especializando em Direito Penal Econ\u00f4mico; Na esfera p\u00fablica ocupou os cargos de Secret\u00e1rio-Chefe da Casa Civil (2018-2021), Conselheiro de Administra\u00e7\u00e3o do Cons\u00f3rcio Interestadual da Amaz\u00f4nia Legal (2018-2020) e Secret\u00e1rio de Estado da Juventude (2014), ambos no Governo do Estado do Tocantins.<\/p>\n\n\n\n<p><strong>Secret\u00e1rio-Chefe do Gabinete do Prefeito &#8211; Carlos Ant\u00f4nio da Costa J\u00fanior<\/strong><br>Natural de Pium-TO e formado em Administra\u00e7\u00e3o de Empresas. Foi presidente do Diret\u00f3rio Central dos Estudantes da Faculdade Cat\u00f3lica e da Federa\u00e7\u00e3o Nacional dos Estudantes de Administra\u00e7\u00e3o. Tamb\u00e9m ocupou o cargo de Tesoureiro da Uni\u00e3o Estadual dos Estudantes (UEE-TO) e foi Presidente Estadual da Juventude do PSDB\/TO. Na gest\u00e3o p\u00fablica, foi Secret\u00e1rio Executivo da Juventude e Esportes do Estado (gest\u00e3o Siqueira Campos): Chefe de Gabinete da Secretaria de Rela\u00e7\u00f5es Institucionais (gest\u00e3o Siqueira Campos) e Subsecret\u00e1rio de Rela\u00e7\u00f5es Institucionais (gest\u00e3o Siqueira Campos ). Na Assembleia Legislativa, Carlos J\u00fanior foi Chefe de Gabinete do Dep. Estadual Eduardo Siqueira Campos por oito anos.<\/p>\n\n\n\n<p><strong>Secret\u00e1rio da Comunica\u00e7\u00e3o &#8211; \u00c9lcio de Souza Mendes<\/strong><br>Jornalista com mais de 20 anos de atua\u00e7\u00e3o profissional, p\u00f3s-graduado em Assessoria de Comunica\u00e7\u00e3o e Imprensa e com MBA em Marketing Pol\u00edtico. Foi Secret\u00e1rio da Comunica\u00e7\u00e3o do Estado do Tocantins e da Prefeitura de Gurupi. Foi Diretor de Comunica\u00e7\u00e3o da Defensoria P\u00fablica do Estado do Tocantins e da Secretaria do Trabalho e Desenvolvimento Social do Estado do Tocantins. Foi Assessor de Comunica\u00e7\u00e3o do deputado estadual Eduardo Siqueira Campos e da deputada estadual Josi Nunes. Presidente do Sindicato dos Jornalistas Profissionais do Estado do Tocantins (2007 a 2010). Iniciou a carreira profissional como rep\u00f3rter e editor em jornal impresso e tamb\u00e9m em emissoras de TV e r\u00e1dio no Estado do Tocantins.<\/p>\n\n\n\n<p><strong>Secret\u00e1rio de Governo &#8211; S\u00e9rgio Vieira Marques (Sor\u00f3)<\/strong><br>Nasceu em Santa Filomena, estado do Piau\u00ed no ano de 1963 e teve quatro filhos, Juliana (in memoriam), Cec\u00edlia, Davi e S\u00e9rgio Manuel. Chegou em Gurupi no in\u00edcio de 1983. Desde o in\u00edcio de 1986 Sor\u00f3 convive muito pr\u00f3ximo ao grupo pol\u00edtico liderado por Jos\u00e9 Wilson Siqueira Campos \u201cin memoriam\u201d e Eduardo Siqueira Campos, tendo acompanhado a luta pela cria\u00e7\u00e3o do Estado do Tocantins durante a Assembleia Nacional Constituinte e nos anos que seguiram.<br>Sor\u00f3 passou a atuar como assessor pol\u00edtico no grupo de Siqueira Campos e, em 1992, quando Eduardo Siqueira Campos foi eleito primeiro prefeito de Palmas, Sor\u00f3 foi chamado para trabalhar na gest\u00e3o, atuando na administra\u00e7\u00e3o durante toda estrutura\u00e7\u00e3o da Capital.<br>Finalizado os quatro anos de Eduardo \u00e0 frente da prefeitura de Palmas, Sor\u00f3 volta para Gurupi e \u00e9 eleito vereador, sendo o parlamentar mais votado em 1996. Em 2000 reelegeu-se tamb\u00e9m com expressiva vota\u00e7\u00e3o.<br>A experi\u00eancia no servi\u00e7o p\u00fablico teve sequ\u00eancia como assessor parlamentar do senador Eduardo Siqueira Campos; foi secret\u00e1rio de Esportes e secret\u00e1rio Chefe de Gabinete no munic\u00edpio de Gurupi na gest\u00e3o de Laurez Moreira e tamb\u00e9m na Gest\u00e3o da atual da prefeita Josi Nunes. Na iniciativa privada, Sor\u00f3 tamb\u00e9m atuou como diretor da repetidora da Televis\u00e3o Record, em Gurupi.<\/p>\n\n\n\n<p><strong>Secret\u00e1rio de Finan\u00e7as &#8211; Glauber Santana Aires<\/strong><br>Formado em Ci\u00eancias Cont\u00e1beis e Especialista em Auditoria Cont\u00e1bil e Gest\u00e3o P\u00fablica. \u00c9 servidor de carreira do Munic\u00edpio de Palmas no cargo de Auditor Fiscal. \u00c9 Consultor Tribut\u00e1rio para Munic\u00edpios e realiza Forma\u00e7\u00e3o em Administra\u00e7\u00e3o de Empresas.<\/p>\n\n\n\n<p><strong>Secret\u00e1rio da Controladoria-Geral do Munic\u00edpio &#8211; J\u00falio Edstrom Secundino Santos<\/strong><br>Advogado, graduado em Direito pela Universidade Presidente Ant\u00f4nio Carlos (2008), Mestre em Direito pela Universidade Cat\u00f3lica de Bras\u00edlia (2014). Doutor em Direito pelo UniCEUB, Membro da comiss\u00e3o de ensino jur\u00eddico da OAB\/MG. EX-Coordenador de P\u00f3s Gradua\u00e7\u00e3o do IDASP\/Palmas. Professor do Curso de Direito do Unitop em Palmas. Pesquisador do Centro Universit\u00e1rio de Bras\u00edlia. Assessor Especial no Tribunal de Contas do Estado do Tocantins.. Tem experi\u00eancia na \u00e1rea de Direito, com \u00eanfase em Direito P\u00fablico, atuando principalmente nos seguintes temas, Terceiro Setor, direitos fundamentais, educa\u00e7\u00e3o em direitos humanos, cidadania e direito e Seguridade Social. Membro dos grupos de pesquisa N\u00facleo de Estudos e Pesquisas Avan\u00e7adas do Terceiro Setor (NEPATS) da UCB\/DF, Pol\u00edticas P\u00fablicas e Juspositivismo, Jusmoralismo e Justi\u00e7a Pol\u00edtica do UNICEUB. Editor Executivo da REPATS E-mail:&nbsp;<a href=\"mailto:edstron@yahoo.com.br\" target=\"_blank\" rel=\"noreferrer noopener\">edstron@yahoo.com.br<\/a><\/p>\n\n\n\n<p><strong>Procurador-Geral do Munic\u00edpio \u2013 Renato de Oliveira<\/strong><br>Natural de Goi\u00e2nia, 49 anos, mora em Palmas desde 1999. Formado em Edifica\u00e7\u00f5es pelo IFTO e em Formado em Direito pela Universidade Luterana do Brasil; Advogado h\u00e1 15 anos; P\u00f3s-graduado em Direito Civil, Processo Civil e Direito Eleitoral. Foi Diretor Jur\u00eddico da Secretaria do Planejamento e da Secretaria de Rela\u00e7\u00f5es Institucionais do Tocantins 2011\/2013. Diretor Jur\u00eddico da Assembleia Legislativa do Tocantins 2015 a 2024<\/p>\n\n\n\n<p><strong>Secret\u00e1rio da Zeladoria Urbana \u2013 Marc\u00edlio Guilherme \u00c1vila<\/strong><br>Possui vasta experi\u00eancia em Administra\u00e7\u00e3o P\u00fablica, foi Secret\u00e1rio de Infraestrutura de Palmas (2013 a 2016); Secret\u00e1rio de Turismo de Santa Catarina; Vereador, tendo ocupado os cargos de primeiro secret\u00e1rio e presidente da C\u00e2mara Municipal de Florian\u00f3polis.<\/p>\n\n\n\n<p><strong>Secret\u00e1rio da Administra\u00e7\u00e3o e Moderniza\u00e7\u00e3o \u2013 Cleison Almeida Nunes<\/strong><br>Gestor P\u00fablico. \u00c9 graduado em Ci\u00eancias Cont\u00e1beis e especializa\u00e7\u00e3o em Gest\u00e3o P\u00fablica com \u00eanfase em Governo Local, al\u00e9m de ser especialista em Sistema de Custos no Setor P\u00fablico. \u00c9 servidor efetivo no cargo de Auxiliar Administrativo no Quadro Geral da Prefeitura de Palmas. Em sua trajet\u00f3ria, Cleison Nunes acumulou vasta experi\u00eancia nas \u00e1reas de Administra\u00e7\u00e3o, Or\u00e7amento, Contabilidade e Finan\u00e7as P\u00fablicas. \u00c9 instrutor credenciado na Escola de Governo de Palmas, onde contribui para a forma\u00e7\u00e3o e capacita\u00e7\u00e3o de outros profissionais no servi\u00e7o p\u00fablico.<\/p>\n\n\n\n<p><strong>Secret\u00e1rio do Planejamento, Or\u00e7amento e Licita\u00e7\u00f5es \u2013 Andr\u00e9 Fagundes Cheguhem<\/strong><br>Advogado, formado pela PUC-RS, especialista em Direito P\u00fablico, Gest\u00e3o P\u00fablica e Direito Administrativo pela Funda\u00e7\u00e3o Escola do Minist\u00e9rio P\u00fablico do RS. Servidor do quadro efetivo da Prefeitura Municipal de Palmas\/TO no cargo de Analista de Controle Interno desde 2014. Foi Controlador-Geral do Munic\u00edpio na gest\u00e3o Carlos Amastha (2017-2018) e Cinthia Ribeiro (2019-2024).<\/p>\n\n\n\n<p><strong>Secret\u00e1ria da Mulher \u2013 Solange Jane Tavares Duailibe de Jesus<\/strong><br>Jornalista, foi deputada estadual por tr\u00eas mandatos, vereadora de Palmas e Secret\u00e1ria Municipal de Assist\u00eancia Social. Quando primeira-dama de Palmas (2005 a 2012) desenvolveu relevante trabalho social, implantando v\u00e1rios programas que impactaram positivamente, a vida das pessoas menos favorecidas, citem-se, dentre outros, os projetos, \u201cMam\u00e3e a Bordo\u201d, \u201cCasamento Comunit\u00e1rio\u201d e \u201cAcolher para Crescer\u201d. Desempenhou papel fundamental na discuss\u00e3o e realiza\u00e7\u00e3o das escolas de tempo integral e CEMEI\u2019s de Palmas.<br>No per\u00edodo em que esteve \u00e0 frente da Secretaria Municipal da Assist\u00eancia Social, manteve o costumeiro cuidado com o pr\u00f3ximo, inclusive teve a oportunidade de participar da implementa\u00e7\u00e3o do programa \u201cMeu Teto\u201d, que garantiu moradia digna a in\u00fameras fam\u00edlias carentes.&nbsp;Com o olhar humanizado e atento \u00e0s causas sociais, fundou o Centro Tocantinense de Apoio \u00e0 Arte e \u00e0 Cultura, denominado \u201cSol e Anjos\u201d, entidade sem fins lucrativos que oferecia a crian\u00e7as e adolescentes da Capital, cursos em diversas \u00e1reas culturais, como dan\u00e7a pintura, artes e m\u00fasica.<\/p>\n\n\n\n<p><strong>Secret\u00e1ria da Sa\u00fade \u2013 Dhieine Caminski<\/strong><br>Psic\u00f3loga Especialista em Aten\u00e7\u00e3o Prim\u00e1ria pela Universidade do Vale do Itaja\u00ed em parceria com o Minist\u00e9rio da Sa\u00fade, possui experi\u00eancia em gest\u00e3o p\u00fablica e privada de servi\u00e7os em sa\u00fade.&nbsp;Atuou como Diretora de Aten\u00e7\u00e3o Especializada na Secretaria Estadual de Sa\u00fade, e j\u00e1 foi Gerente de Sa\u00fade Mental na Secretaria Municipal da Sa\u00fade de Palmas.<\/p>\n\n\n\n<p><strong>Secret\u00e1ria da A\u00e7\u00e3o Social \u2013 Polyanna Marques Teixeira Siqueira Campos<\/strong><br>Esposa de Eduardo Siqueira Campos \u00e9 a primeira-dama de Palmas, Tocantins. Formada em Letras, com licenciatura em L\u00ednguas e Literatura de L\u00edngua Inglesa pelo CEULP ULBRA, onde se graduou em 2001, ela traz consigo uma s\u00f3lida forma\u00e7\u00e3o acad\u00eamica e uma profunda paix\u00e3o pela a\u00e7\u00e3o social. Filha de Paulino Teixeira e Gabriela Marques Teixeira, Polyanna cresceu em um ambiente que valoriza o amor ao pr\u00f3ximo e o compromisso com a comunidade. Sua fam\u00edlia chegou ao Tocantins na cidade de Gurupi, no final dos anos 70. M\u00e3e de tr\u00eas filhos \u2014 Gabriel, Samuel e Gael \u2014 Polyanna equilibra suas responsabilidades familiares com seu papel de primeira-dama. Seu amor pela fam\u00edlia e sua determina\u00e7\u00e3o em promover a inclus\u00e3o social a impulsionam a trabalhar em prol das causas sociais e do bem-estar das fam\u00edlias palmenses.<\/p>\n\n\n\n<p><strong>Secret\u00e1rio da Agricultura e Servi\u00e7os do Interior \u2013 Raimundo Rego Negreiros (Major Negreiros)<\/strong><br>Natural de Pastos Bons-MA, 54 anos, Major da Pol\u00edcia Militar, Formado em Letras pela ULBRA, Professor da Academia da PMTO, Vereador de Palmas por 3 mandatos, Presidente da C\u00e2mara da Capital, Prefeito interino de Palmas e Secret\u00e1rio da Agricultura da Capital.<\/p>\n\n\n\n<p><strong>Secret\u00e1rio de Desenvolvimento Urbano e Regulariza\u00e7\u00e3o Fundi\u00e1ria \u2013 Israel Henrique de Melo Sousa<\/strong><br>Nascido em An\u00e1polis-GO, Engenheiro Civil, formado pela Universidade Federal do Tocantins. Possui em especializa\u00e7\u00e3o em: Engenharia da Qualidade; ?Engenharia de Estruturas; ?Projetos Urban\u00edsticos para loteamentos e condom\u00ednios e Direito Urban\u00edstico e Ambiental. \u00c9 servidor da Prefeitura de Palmas desde 2017 atuando na Regulariza\u00e7\u00e3o Fundi\u00e1ria e, posteriormente nas demandas de desenvolvimento e planejamento urbano.<\/p>\n\n\n\n<p><strong>Secret\u00e1ria da Educa\u00e7\u00e3o \u2013 D\u00e9bora Guedes Leandro de Jesus<\/strong><br>Graduada em Pedagogia (UNITINS, 2007); Mestra em Educa\u00e7\u00e3o (UFT, 2022); P\u00f3s-gradua\u00e7\u00e3o em Gest\u00e3o Educacional (UFSM, 2011); P\u00f3s Gradua\u00e7\u00e3o em L\u00edngua Brasileira de Sinais (UCDB, 2015); P\u00f3s-gradua\u00e7\u00e3o em Teologia (FAETEO, 2020); Profici\u00eancia em L\u00edngua Brasileira de Sinais (MEC, 2009). Experi\u00eancia na \u00e1rea de Educa\u00e7\u00e3o, atua como T\u00e9cnica em Ensino Especial, Doc\u00eancia e Forma\u00e7\u00e3o para Professores da Rede P\u00fablica por meio da Diretoria Regional de Ensino, Int\u00e9rprete de LIBRAS em sala de aula, grandes eventos e Professora Universit\u00e1ria (CEULP\/ULBRA).<\/p>\n\n\n\n<p><strong>Secret\u00e1rio de Infraestrutura e Obras P\u00fablicas \u2013 Paulo C\u00e9zar Monteiro da Silva<\/strong><br>Engenheiro Eletricista e servidor efetivo da Prefeitura de Palmas desde o ano 2000. Foi Secret\u00e1rio de Infraestrutura de Palmas; Subsecret\u00e1rio; SubPrefeito e Superintendente. Al\u00e9m de Superintendente de Ilumina\u00e7\u00e3o P\u00fablica do Governo do Estado.<\/p>\n\n\n\n<p><strong>Presidente da Ag\u00eancia de Turismo &#8211; Ana Paula Setti Nogueira<\/strong><br>Gradua\u00e7\u00e3o em Turismo \u2013 Universidade Luterana do Brasil (Ulbra), 2008 &#8211; possui P\u00f3s-gradua\u00e7\u00e3o em Gastronomia e Gest\u00e3o em Neg\u00f3cios. Empres\u00e1ria no setor de gastronomia \u2013 18 anos de experi\u00eancia na gest\u00e3o e opera\u00e7\u00e3o de neg\u00f3cios gastron\u00f4micos, focando em culin\u00e1ria de alto padr\u00e3o e atendimento diferenciado. Assistente Administrativo Concursada \u2013 Munic\u00edpio de Jacarezinho, PR. Chefe de Gabinete; Diretora Executiva do Provopar, liderando projetos sociais e a\u00e7\u00f5es de interesse p\u00fablico; Consultora do Sebrae \u2013 Desenvolvimento de projetos tur\u00edsticos e implanta\u00e7\u00e3o de boas pr\u00e1ticas de governan\u00e7a, com foco em fortalecimento de destinos e capacita\u00e7\u00e3o de empreendedores.<\/p>\n\n\n\n<p><strong>Secret\u00e1rio de Mobilidade Urbana e Defesa Civil \u2013 Francisco Seixas Tadeu de Lima<\/strong><br>Advogado, professor e Agente de Tr\u00e2nsito Municipal, concursado desde o ano 2000. Especialista em Ci\u00eancias do Tr\u00e2nsito, C\u00edvel, Trabalhista e Empresarial. Casado, 4 filhos Natural de Reden\u00e7\u00e3o\/CE.<\/p>\n\n\n\n<p><strong>Secret\u00e1rio de Planejamento Urbano \u2013 Ronaldo Dimas<\/strong><br>Um dos fundadores e primeiro presidente do Sindicato da Ind\u00fastria da Constru\u00e7\u00e3o Civil do Estado do Tocantins &#8211; SINDUSCON-TO (1992-1997); Foi presidente da FIETO, do SESI e SENAI Tocantins por dois mandatos (1997-2003); Foi diretor e conselheiro fiscal da CNI &#8211; Confedera\u00e7\u00e3o Nacional da Ind\u00fastria (1998-2004). Eleito deputado federal em 2002. Membro do Conselho Administrativo da Companhia de Desenvolvimento Urbano e Habitacional do Estado de S\u00e3o Paulo (2008-2010), a maior companhia habitacional da Am\u00e9rica Latina. Secret\u00e1rio das Cidades e Desenvolvimento Urbano (2011-2012) no Governo do Estado do Tocantins. Em 2012 foi eleito prefeito de Aragua\u00edna, sendo reeleito em 2016.<\/p>\n\n\n\n<p><strong>Secret\u00e1ria de Prote\u00e7\u00e3o e Bem-Estar Animal \u2013 Ana Gabriela Cianni Siqueira Campos<\/strong><br>Formada em Medicina desde 2010, especialista em Anestesiologia desde 2014 pela Santa Casa de Miseric\u00f3rdia de S\u00e3o Paulo, tendo trabalhado nos \u00faltimos 14 anos em hospitais p\u00fablicos e particulares. Apaixonada pelo SUS e pelas pol\u00edticas p\u00fablicas de acesso \u00e0 sa\u00fade, associa sua profiss\u00e3o ao seu amor pelos animais e \u00e0 atividades de prote\u00e7\u00e3o e defesa da fauna urbana e silvestre em situa\u00e7\u00e3o de vulnerabilidade. Dona de 8 gatos e cachorros resgatados das ruas e disposta a atingir o objetivo de fazer de Palmas uma cidade sem animais de rua.<\/p>\n\n\n\n<p><strong>Secret\u00e1rio Extraordin\u00e1rio de Igualdade Racial e Direitos Humanos \u2013 Jos\u00e9 Eduardo de Azevedo<\/strong><br>Jos\u00e9 Eduardo de Azevedo \u00e9 Doutorando pelo Programa de P\u00f3s-Gradua\u00e7\u00e3o em Ci\u00eancias do Ambiente da Universidade Federal do Tocantins (PPGCiamb\/UFT). Mestre em Comunica\u00e7\u00e3o e Sociedade pela mesma Universidade, possui gradua\u00e7\u00e3o em Comunica\u00e7\u00e3o Social &#8211; Jornalismo pela UFT. \u00c9 p\u00f3s-graduado em Comunica\u00e7\u00e3o Jur\u00eddica Estrat\u00e9gica na Era Digital pela Escola Superior da Magistratura Tocantinense (Esmat). Trabalhou como Assessor de Comunica\u00e7\u00e3o na C\u00e2mara dos Deputados, na Assembleia Legislativa e C\u00e2mara Municipal de Palmas. \u00c9 sindicalizado pelo Sindicato dos Jornalistas do Tocantins e integra o Movimento Negro Unificado (MNU) no Estado.<\/p>\n\n\n\n<p><strong>Presidente da Ag\u00eancia de Transporte Coletivo de Palmas \u2013&nbsp;&nbsp;Walace Pimentel<\/strong><br>Bacharel em Direito &#8211; 58 anos &#8211; Universidade Cat\u00f3lica de Goi\u00e1s &#8211; P\u00f3s Graduado em Direito Civil e Processo Civil; Advogado Militante da \u00e1rea Criminal e C\u00edvel; Foi Procurador do Munic\u00edpio de Palmas; Foi Secret\u00e1rio Executivo da Ag\u00eancia de Regula\u00e7\u00e3o Palmas-TO; Presidente da Sub Se\u00e7\u00e3o da OAB-TO \u2013 Gurupi; Conselheiro Estadual da OAB-TO; Ouvidor da OAB-TO; Analista T\u00e9cnico Jur\u00eddico \u2013 Palmas \u2013 Tocantins. Efetivo por Concurso P\u00fablico; Professor da Academia de Pol\u00edcia Militar \u2013 Tocantins; Professor Universit\u00e1rio. Cadeiras: Direito Penal e Processo Penal. FAFIC (UNIRG) \u2013 Tocantins; Delegado de Pol\u00edcia Civil do Tocantins. Efetivo por Concurso P\u00fablico.; Professor da Academia de Pol\u00edcia Civil \u2013 Tocantins; Assessor Jur\u00eddico \u2013 Tribunal de Justi\u00e7a\/Tocantins; Advogado \u2013 Goi\u00e2nia \u2013 Goi\u00e1s; Servidor do Tribunal de Justi\u00e7a de Goi\u00e1s, como Analista Jur\u00eddico;<\/p>\n\n\n\n<p><strong>Presidente da Ag\u00eancia de Regula\u00e7\u00e3o, Controle e Fiscaliza\u00e7\u00e3o de Servi\u00e7os P\u00fablicos \u2013 Marcelo Wallace de Lima<\/strong><br>Advogado &#8211; Atuou como Presidente da Ag\u00eancia de Regula\u00e7\u00e3o de Palmas\/TO, Tesoureiro e Presidente da Caixa de Assist\u00eancia dos Advogados da Seccional da OAB no Tocantins. Tem experi\u00eancia na(s) \u00e1rea(s) de regula\u00e7\u00e3o, Direito Eleitoral, Direito Criminal e como gestor p\u00fablico dentre outras .<\/p>\n\n\n\n<p><strong>Presidente da Funda\u00e7\u00e3o Cultural \u2013 Luci\u00e9lia de Aquino Ramos (Luara Aquino)<\/strong><br>Mestra em Comunica\u00e7\u00e3o e Sociedade PPGcoms UFT- TO (2021). Bacharel em Artes Visuais UFG-GO (1989). Especialista em Portugu\u00eas pela UNIVERSO, 1992. Agrimensora pela Escola T\u00e9cnica de Goi\u00e1s. IFTGO. Experi\u00eancia como Conselheira de Pol\u00edticas Culturais em n\u00edvel Estadual e Municipal, do Tocantins CPCTO (2013-2015) da C\u00e2mara de Artes Visuais e Vice-Presidente do Conselho e em (2021-2022) representou a C\u00e2mara do Patrim\u00f4nio Material e Secret\u00e1ria Geral do Conselho e de Palmas CMPC (2021.2022) e (2022-2023) representado a C\u00e2mara do Patrim\u00f4nio Cultural, nos dois mandatos. Coordenadora Metodol\u00f3gica do Comit\u00ea de Cultura no Tocantins &#8211; FETAC\/TO (Programa Nacional dos Comit\u00eas, Minist\u00e9rio da Cultura &#8211; MINC\/SCC). Experi\u00eancia como Professora Universit\u00e1ria, nas Faculdades Objetivo IEPO -Instituto de Ensino e Pesquisa Objetivo e FAPAL \u2013 Faculdade de Palmas, onde coordenou o curso de Comunica\u00e7\u00e3o Social Publicidade e Propagada de 2006 a 2020. Foi tamb\u00e9m professora no curso de Arquitetura e Urbanismo da UFT \u2013 Universidade Federal do Tocantins, da Cat\u00f3lica -TO e do IEPO. Experi\u00eancia em Gest\u00e3o Cultural em Palmas como Secret\u00e1ria de Cultura de Palmas (1996 a 2000). Delegada da VI Confer\u00eancia Nacional da Cultura \u2013 CNC &#8211; 2024, da III CNC e da I CNC representando a sociedade civil do Tocantins. Atuou na Assessoria T\u00e9cnica e de Planejamento Tocantins da Secretaria da Cultura, da Secretaria de Desenvolvimento Econ\u00f4mico e da ADETUC \u2013 Ag\u00eancia de Desenvolvimento do Turismo e Cultura (2015 a 2020). Atual Presidente da Associa\u00e7\u00e3o dos Pioneiros de Palmas. Est\u00e1 Coordenadora e Instrutora de Avaliadores Juninos Tocantins CAJUTO\/FEQUAJTO e avaliadora de concursos juninos. Desde 1993 trabalha com o movimento junino do Tocantins. Ativista Cultural, investe em estudos sobre Pol\u00edticas Culturais, legisla\u00e7\u00e3o cultural, Patrim\u00f4nio cultural, Culturas populares, Artes Visuais \u2013 curadoria em Artes Visuais, Cen\u00e1rio para espet\u00e1culos, figurinos e projetos culturais.<\/p>\n\n\n\n<p><strong>Presidente da Funda\u00e7\u00e3o da Juventude de Palmas &#8211; Juniel Carvalho de Sousa&nbsp;<\/strong><br>Formado em Teologia e cursando Gest\u00e3o P\u00fablica \u2013 Foi Conselheiro Tutelar e Coordenador da Juventude da Igreja Assembleia de Deus Madureira. Na iniciativa privada, foi instrutor de tr\u00e2nsito, consultor de neg\u00f3cios, auxiliar administrativo e auxiliar de produ\u00e7\u00e3o.<\/p>\n\n\n\n<p><strong>Presidente do Instituto de Previd\u00eancia Social do Munic\u00edpio de Palmas (PreviPalmas) &#8211; Raul de Jesus Lima Neto<\/strong><br>Economista \u2013 p\u00f3s-graduado em Gest\u00e3o P\u00fablica, Servidor P\u00fablico Efetivo da Prefeitura de Palmas; possui certifica\u00e7\u00e3o profissional em Regime Pr\u00f3prio de Previd\u00eancia; Foi Assessor da Presid\u00eancia do Tribunal de Contas do Estado do Tocantins.<\/p>\n\n\n\n<p><strong>Secret\u00e1rio Extraordin\u00e1rio de Representa\u00e7\u00e3o em Bras\u00edlia \u2013 Vicente Alves de Oliveira<\/strong><br>Aviador Comercial, Gestor P\u00fablico e Pecuarista. Foi Senador da Rep\u00fablica; Deputado Federal; Deputado Estadual por dois mandatos e Presidente da Assembleia Legislativa, quando assumiu o Governo do Estado interinamente. Foi tamb\u00e9m Prefeito de Porto Nacional \u2013 TO.<\/p>\n\n\n\n<p><strong>Secret\u00e1ria Extraordin\u00e1ria de Articula\u00e7\u00e3o Social \u2013 Ana Maria Monteiro de Castro<\/strong><br>Graduada em Servi\u00e7o Social e em Administra\u00e7\u00e3o de Empresas. Na Prefeitura de Palmas foi Diretora de Cadastro Habitacional, Diretora de Direitos Humanos, Chefe da Divis\u00e3o de Eventos Culturais, Diretora de A\u00e7\u00f5es Culturais. Foi Assessora Parlamentar na C\u00e2mara Municipal de Palmas. No Governo do Estado do Tocantins foi Gerente de Atendimento ao Consumidor, Assessora Especial da Governadoria.<\/p>\n","protected":false},"excerpt":{"rendered":"<p>Ap\u00f3s a solenidade de transmiss\u00e3o da faixa, o prefeito Eduardo Siqueira Campos deu in\u00edcio ao primeiro ato, a Medida Provis\u00f3ria da estrutura administrativa da sua gest\u00e3o e a posse de 29 secret\u00e1rios e presidentes de autarquias da Prefeitura de Palmas. Confira a rela\u00e7\u00e3o dos secret\u00e1rios empossados e os respectivos perfis: Secret\u00e1rio da Casa Civil &#8211; [&hellip;]<\/p>\n","protected":false},"author":2,"featured_media":21219,"comment_status":"open","ping_status":"open","sticky":false,"template":"","format":"standard","meta":[],"categories":[3],"tags":[13],"_links":{"self":[{"href":"https:\/\/dgospel.com.br\/portal\/index.php\/wp-json\/wp\/v2\/posts\/21218"}],"collection":[{"href":"https:\/\/dgospel.com.br\/portal\/index.php\/wp-json\/wp\/v2\/posts"}],"about":[{"href":"https:\/\/dgospel.com.br\/portal\/index.php\/wp-json\/wp\/v2\/types\/post"}],"author":[{"embeddable":true,"href":"https:\/\/dgospel.com.br\/portal\/index.php\/wp-json\/wp\/v2\/users\/2"}],"replies":[{"embeddable":true,"href":"https:\/\/dgospel.com.br\/portal\/index.php\/wp-json\/wp\/v2\/comments?post=21218"}],"version-history":[{"count":1,"href":"https:\/\/dgospel.com.br\/portal\/index.php\/wp-json\/wp\/v2\/posts\/21218\/revisions"}],"predecessor-version":[{"id":21220,"href":"https:\/\/dgospel.com.br\/portal\/index.php\/wp-json\/wp\/v2\/posts\/21218\/revisions\/21220"}],"wp:featuredmedia":[{"embeddable":true,"href":"https:\/\/dgospel.com.br\/portal\/index.php\/wp-json\/wp\/v2\/media\/21219"}],"wp:attachment":[{"href":"https:\/\/dgospel.com.br\/portal\/index.php\/wp-json\/wp\/v2\/media?parent=21218"}],"wp:term":[{"taxonomy":"category","embeddable":true,"href":"https:\/\/dgospel.com.br\/portal\/index.php\/wp-json\/wp\/v2\/categories?post=21218"},{"taxonomy":"post_tag","embeddable":true,"href":"https:\/\/dgospel.com.br\/portal\/index.php\/wp-json\/wp\/v2\/tags?post=21218"}],"curies":[{"name":"wp","href":"https:\/\/api.w.org\/{rel}","templated":true}]}}