{"id":21222,"date":"2025-01-02T17:38:10","date_gmt":"2025-01-02T20:38:10","guid":{"rendered":"https:\/\/dgospel.com.br\/portal\/?p=21222"},"modified":"2025-01-02T17:38:11","modified_gmt":"2025-01-02T20:38:11","slug":"prefeito-eduardo-decreta-tarifa-zero-do-transporte-coletiva-e-anuncia-estudo-para-grandes-obras","status":"publish","type":"post","link":"https:\/\/dgospel.com.br\/portal\/index.php\/2025\/01\/02\/prefeito-eduardo-decreta-tarifa-zero-do-transporte-coletiva-e-anuncia-estudo-para-grandes-obras\/","title":{"rendered":"Prefeito Eduardo decreta tarifa zero do transporte coletiva e anuncia estudo para grandes obras"},"content":{"rendered":"\n<p>O prefeito de Palmas, Eduardo Siqueira Campos, assinou no in\u00edcio da noite desta quarta-feira, 1\u00ba de janeiro, o Decreto n\u00ba 2.631 que institui a tarifa zero no transporte p\u00fablico coletivo de Palmas no m\u00eas de janeiro. Tamb\u00e9m determinou elabora\u00e7\u00e3o de estudos e projetos para grandes obras, como: prolongamento e duplica\u00e7\u00e3o da avenida Teot\u00f4nio Segurado at\u00e9 a Vila Agrotins e a constru\u00e7\u00e3o do Mercado Municipal. Os decretos encerraram a solenidade de transmiss\u00e3o da faixa de prefeito e posse dos secret\u00e1rios municipais, ocorrida no Espa\u00e7o Cultural Jos\u00e9 Gomes Sobrinho.<\/p>\n\n\n\n<p>Sobre a tarifa zero, a justificativa da Prefeitura de Palmas \u00e9 que a medida poder\u00e1 diminuir os preju\u00edzos dos palmenses porque o transporte coletivo se encontra em situa\u00e7\u00e3o de instabilidade e com comprometimento parcial da regularidade do servi\u00e7o. E o prefeito Eduardo refor\u00e7ou que haver\u00e1 um per\u00edodo de transi\u00e7\u00e3o e altera\u00e7\u00f5es no sistema de transporte.&nbsp;<\/p>\n\n\n\n<p><strong>Grandes obras<\/strong><br>Por meio de decreto, Eduardo Siqueira determinou \u00e0 Secretaria de Infraestrutura e Obras P\u00fablicas de Palmas a realiza\u00e7\u00e3o de estudos e projetos, no prazo de 90 dias, que contemplem:<\/p>\n\n\n\n<ul><li>constru\u00e7\u00e3o do prolongamento e duplica\u00e7\u00e3o da Avenida Teot\u00f4nio Segurado at\u00e9 a Vila Agrotins;<\/li><li>constru\u00e7\u00e3o da Ponte do Setor Bertaville;<\/li><li>constru\u00e7\u00e3o do novo acesso do Setor \u00c1gua Fria, condom\u00ednio Polin\u00e9sia e regi\u00e3o;<\/li><li>realiza\u00e7\u00e3o de concurso p\u00fablico para elabora\u00e7\u00e3o do projeto arquitet\u00f4nico da instala\u00e7\u00e3o definitiva da Feira do Bosque dos Pioneiros;<\/li><li>constru\u00e7\u00e3o do Mercado Municipal na Feira da 304 Sul;<\/li><li>reforma e recupera\u00e7\u00e3o das praia das Arnos, da Graciosa, do Prata, dos Buritis e do Caju;<\/li><li>reforma do Kart\u00f3dromo Rubens Barrichello.<\/li><\/ul>\n\n\n\n<p>Outros atos do prefeito foram instituir a Comiss\u00e3o de Delibera\u00e7\u00e3o e Execu\u00e7\u00e3o do Projeto Avenida Tocantins; e a Comiss\u00e3o para Delibera\u00e7\u00e3o sobre os projetos do Rodoshopping, dos camel\u00f3dromos e da \u00c1rea Reservada ao Com\u00e9rcio Ambulante (Arca) de Palmas. As duas comiss\u00f5es t\u00eam prazo de 90 dias, prorrog\u00e1veis por igual per\u00edodo, para conclu\u00edrem os trabalhos.<\/p>\n\n\n\n<p><strong>A\u00e7\u00e3o Social<\/strong><br>O prefeito Eduardo determinou \u00e0 Secretaria Municipal de A\u00e7\u00e3o Social a execu\u00e7\u00e3o de estudos para a implanta\u00e7\u00e3o do Programa Passageiros do Futuro, com o objetivo de atender 15 mil crian\u00e7as, adolescentes e jovens, atrav\u00e9s de parceria com o terceiro setor.<\/p>\n\n\n\n<p>Tamb\u00e9m foi definido que a sede da Prefeitura de Palmas ser\u00e1 no Pa\u00e7o Municipal, pr\u00e9dio localizado na Pra\u00e7a Bosque dos Pioneiros, que est\u00e1 passando por uma obra de revitaliza\u00e7\u00e3o. At\u00e9 a conclus\u00e3o da obra, a sede funcionar\u00e1 de forma provis\u00f3ria no Orquid\u00e1rio Municipal de Palmas.<\/p>\n","protected":false},"excerpt":{"rendered":"<p>O prefeito de Palmas, Eduardo Siqueira Campos, assinou no in\u00edcio da noite desta quarta-feira, 1\u00ba de janeiro, o Decreto n\u00ba 2.631 que institui a tarifa zero no transporte p\u00fablico coletivo de Palmas no m\u00eas de janeiro. Tamb\u00e9m determinou elabora\u00e7\u00e3o de estudos e projetos para grandes obras, como: prolongamento e duplica\u00e7\u00e3o da avenida Teot\u00f4nio Segurado at\u00e9 [&hellip;]<\/p>\n","protected":false},"author":2,"featured_media":21223,"comment_status":"open","ping_status":"open","sticky":false,"template":"","format":"standard","meta":[],"categories":[3],"tags":[13],"_links":{"self":[{"href":"https:\/\/dgospel.com.br\/portal\/index.php\/wp-json\/wp\/v2\/posts\/21222"}],"collection":[{"href":"https:\/\/dgospel.com.br\/portal\/index.php\/wp-json\/wp\/v2\/posts"}],"about":[{"href":"https:\/\/dgospel.com.br\/portal\/index.php\/wp-json\/wp\/v2\/types\/post"}],"author":[{"embeddable":true,"href":"https:\/\/dgospel.com.br\/portal\/index.php\/wp-json\/wp\/v2\/users\/2"}],"replies":[{"embeddable":true,"href":"https:\/\/dgospel.com.br\/portal\/index.php\/wp-json\/wp\/v2\/comments?post=21222"}],"version-history":[{"count":1,"href":"https:\/\/dgospel.com.br\/portal\/index.php\/wp-json\/wp\/v2\/posts\/21222\/revisions"}],"predecessor-version":[{"id":21224,"href":"https:\/\/dgospel.com.br\/portal\/index.php\/wp-json\/wp\/v2\/posts\/21222\/revisions\/21224"}],"wp:featuredmedia":[{"embeddable":true,"href":"https:\/\/dgospel.com.br\/portal\/index.php\/wp-json\/wp\/v2\/media\/21223"}],"wp:attachment":[{"href":"https:\/\/dgospel.com.br\/portal\/index.php\/wp-json\/wp\/v2\/media?parent=21222"}],"wp:term":[{"taxonomy":"category","embeddable":true,"href":"https:\/\/dgospel.com.br\/portal\/index.php\/wp-json\/wp\/v2\/categories?post=21222"},{"taxonomy":"post_tag","embeddable":true,"href":"https:\/\/dgospel.com.br\/portal\/index.php\/wp-json\/wp\/v2\/tags?post=21222"}],"curies":[{"name":"wp","href":"https:\/\/api.w.org\/{rel}","templated":true}]}}