{"id":21225,"date":"2025-01-04T10:44:32","date_gmt":"2025-01-04T13:44:32","guid":{"rendered":"https:\/\/dgospel.com.br\/portal\/?p=21225"},"modified":"2025-01-04T10:44:33","modified_gmt":"2025-01-04T13:44:33","slug":"deputado-gipao-e-prefeito-wagner-trocam-elogios-em-cerimonia-de-posse-em-araguaina","status":"publish","type":"post","link":"https:\/\/dgospel.com.br\/portal\/index.php\/2025\/01\/04\/deputado-gipao-e-prefeito-wagner-trocam-elogios-em-cerimonia-de-posse-em-araguaina\/","title":{"rendered":"Deputado Gip\u00e3o e prefeito Wagner trocam elogios em cerim\u00f4nia de posse em Aragua\u00edna"},"content":{"rendered":"\n<p>O deputado estadual Gip\u00e3o (PL), participou nesta quarta-feira (01), no Gin\u00e1sio Poliesportivo Pedro Quaresma em Aragua\u00edna da cerim\u00f4nia de posse do seu filho Matheus Mariano (28), que vai para o segundo mandato, e do prefeito reeleito com recorde de votos, Wagner Rodrigues.<\/p>\n\n\n\n<p>No evento, que teve presen\u00e7a de um grande p\u00fablico e diversas autoridades, incluindo o senador Eduardo Gomes, Gip\u00e3o e Wagner trocaram elogios em seus discursos, refor\u00e7ando a parceria que tem gerado bons frutos para a cidade mais importante da regi\u00e3o norte do estado.<\/p>\n\n\n\n<p>&#8220;Na gest\u00e3o p\u00fablica n\u00e3o \u00e9 necess\u00e1rio apenas voc\u00ea ter capacidade administrativa, mas tamb\u00e9m precisa ter capacidade pol\u00edtica, e o Wagner \u00e9 como um carro completo. Ent\u00e3o o Wagner \u00e9 uma revela\u00e7\u00e3o da pol\u00edtica do estado do Tocantins\u201d, elogiou o deputado.<\/p>\n\n\n\n<p>\u201cDeputado Gip\u00e3o \u00e9 meu parceiro de todas as horas. Vamos juntos at\u00e9 o fim, meu deputado, e vamos continuar, porque Aragua\u00edna precisa dos recursos para que a gente desenvolva as grandes obras\u201d, retribuiu o prefeito.<\/p>\n\n\n\n<p>O presidente do TRE \u2013 Tribunal Regional Eleitoral, Dr. Jo\u00e3o Rigo Guimar\u00e3es, tamb\u00e9m marcou presen\u00e7a na solenidade.<\/p>\n\n\n\n<p>Para prestigiar seu primog\u00eanito, o deputado estadual estava acompanhado da esposa, Sivanilda Mariano, e dos filhos, Gustado e Amanda, al\u00e9m de outros familiares.<\/p>\n","protected":false},"excerpt":{"rendered":"<p>O deputado estadual Gip\u00e3o (PL), participou nesta quarta-feira (01), no Gin\u00e1sio Poliesportivo Pedro Quaresma em Aragua\u00edna da cerim\u00f4nia de posse do seu filho Matheus Mariano (28), que vai para o segundo mandato, e do prefeito reeleito com recorde de votos, Wagner Rodrigues. No evento, que teve presen\u00e7a de um grande p\u00fablico e diversas autoridades, incluindo [&hellip;]<\/p>\n","protected":false},"author":2,"featured_media":21226,"comment_status":"open","ping_status":"open","sticky":false,"template":"","format":"standard","meta":[],"categories":[8],"tags":[],"_links":{"self":[{"href":"https:\/\/dgospel.com.br\/portal\/index.php\/wp-json\/wp\/v2\/posts\/21225"}],"collection":[{"href":"https:\/\/dgospel.com.br\/portal\/index.php\/wp-json\/wp\/v2\/posts"}],"about":[{"href":"https:\/\/dgospel.com.br\/portal\/index.php\/wp-json\/wp\/v2\/types\/post"}],"author":[{"embeddable":true,"href":"https:\/\/dgospel.com.br\/portal\/index.php\/wp-json\/wp\/v2\/users\/2"}],"replies":[{"embeddable":true,"href":"https:\/\/dgospel.com.br\/portal\/index.php\/wp-json\/wp\/v2\/comments?post=21225"}],"version-history":[{"count":1,"href":"https:\/\/dgospel.com.br\/portal\/index.php\/wp-json\/wp\/v2\/posts\/21225\/revisions"}],"predecessor-version":[{"id":21227,"href":"https:\/\/dgospel.com.br\/portal\/index.php\/wp-json\/wp\/v2\/posts\/21225\/revisions\/21227"}],"wp:featuredmedia":[{"embeddable":true,"href":"https:\/\/dgospel.com.br\/portal\/index.php\/wp-json\/wp\/v2\/media\/21226"}],"wp:attachment":[{"href":"https:\/\/dgospel.com.br\/portal\/index.php\/wp-json\/wp\/v2\/media?parent=21225"}],"wp:term":[{"taxonomy":"category","embeddable":true,"href":"https:\/\/dgospel.com.br\/portal\/index.php\/wp-json\/wp\/v2\/categories?post=21225"},{"taxonomy":"post_tag","embeddable":true,"href":"https:\/\/dgospel.com.br\/portal\/index.php\/wp-json\/wp\/v2\/tags?post=21225"}],"curies":[{"name":"wp","href":"https:\/\/api.w.org\/{rel}","templated":true}]}}