{"id":21231,"date":"2025-01-08T11:50:53","date_gmt":"2025-01-08T14:50:53","guid":{"rendered":"https:\/\/dgospel.com.br\/portal\/?p=21231"},"modified":"2025-01-08T11:50:54","modified_gmt":"2025-01-08T14:50:54","slug":"missionarios-presos-na-india-oram-e-louvam-ao-senhor-na-cela","status":"publish","type":"post","link":"https:\/\/dgospel.com.br\/portal\/index.php\/2025\/01\/08\/missionarios-presos-na-india-oram-e-louvam-ao-senhor-na-cela\/","title":{"rendered":"Mission\u00e1rios presos na \u00cdndia oram e louvam ao Senhor na cela"},"content":{"rendered":"\n<p>Desde o final de dezembro, tr\u00eas mission\u00e1rios batistas e dois convertidos indianos, seguidores desses l\u00edderes, est\u00e3o presos na \u00cdndia. Quatro deles dividem a mesma cela. A Junta de Miss\u00f5es Mundiais tem acompanhado o caso e pedido ora\u00e7\u00f5es.<\/p>\n\n\n\n<p>Segundo o pastor Jo\u00e3o Marcos Barreto Soares, coordenador da Junta de Miss\u00f5es Mundiais (JMM) na \u00cdndia, ag\u00eancia mission\u00e1ria da Conven\u00e7\u00e3o Batista Brasileira (CBB), os detidos \u201cest\u00e3o louvando e orando, apenas quando pensam nas fam\u00edlias \u00e9 que se emocionam\u201d.<\/p>\n\n\n\n<p>Soares tamb\u00e9m relatou a&nbsp;<a href=\"https:\/\/noticias.gospelmais.com\/advogados-soltura-missionarios-presos-india-173864.html\"><strong>preocupa\u00e7\u00e3o dos mission\u00e1rios<\/strong><\/a>&nbsp;com a possibilidade de outros integrantes da organiza\u00e7\u00e3o serem presos. Um mission\u00e1rio batista, que esteve preso em 2023, visitou os cinco crist\u00e3os para encoraj\u00e1-los.<\/p>\n\n\n\n<p>Durante a visita, o mission\u00e1rio os incentivou: \u201cOutros irm\u00e3os da nossa organiza\u00e7\u00e3o permanecem firmes no Senhor. Orientei-os a serem s\u00e1bios, mas tamb\u00e9m a incentivarem os crentes a testemunharem sobre Cristo\u201d.<\/p>\n\n\n\n<p>Soares destacou que considera um privil\u00e9gio sofrer por Cristo, citando Romanos 8.18: \u201cConsidero que os nossos sofrimentos atuais n\u00e3o s\u00e3o dignos de compara\u00e7\u00e3o com a gl\u00f3ria que em n\u00f3s h\u00e1 de ser revelada\u201d, escreveu, pontuando que as dificuldades enfrentadas refletem o trabalho de Deus em meio \u00e0s adversidades.<\/p>\n\n\n\n<p>O coordenador acredita que, ao serem libertados, os cinco crist\u00e3os testemunhar\u00e3o como Deus os usou durante o per\u00edodo de pris\u00e3o. Ele comparou o momento \u00e0 narrativa do livro de Atos, afirmando que a \u00cdndia est\u00e1 vivendo algo semelhante.<\/p>\n\n\n\n<p>A audi\u00eancia para decidir a fian\u00e7a dos detidos est\u00e1 marcada para esta quarta-feira, 8 de janeiro. O pastor e diretor da JMM pediu ora\u00e7\u00f5es: \u201cPe\u00e7am que a justi\u00e7a seja \u00e1gil e conceda a liberdade aos nossos irm\u00e3os. Orem para que o Esp\u00edrito os fortale\u00e7a, pois est\u00e3o abatidos\u201d.<\/p>\n\n\n\n<p>O pastor destacou ainda que a\u00a0<a href=\"https:\/\/www.instagram.com\/p\/DEizJC6AdBU\/\">JMM<\/a>\u00a0est\u00e1 oferecendo suporte jur\u00eddico e enviando recursos para ajudar os detidos a suportarem a pris\u00e3o. Ele concluiu o apelo com um pedido: \u201cPor favor, perseverem em ora\u00e7\u00e3o. A luta \u00e9 grande\u201d.<\/p>\n","protected":false},"excerpt":{"rendered":"<p>Desde o final de dezembro, tr\u00eas mission\u00e1rios batistas e dois convertidos indianos, seguidores desses l\u00edderes, est\u00e3o presos na \u00cdndia. Quatro deles dividem a mesma cela. A Junta de Miss\u00f5es Mundiais tem acompanhado o caso e pedido ora\u00e7\u00f5es. Segundo o pastor Jo\u00e3o Marcos Barreto Soares, coordenador da Junta de Miss\u00f5es Mundiais (JMM) na \u00cdndia, ag\u00eancia mission\u00e1ria [&hellip;]<\/p>\n","protected":false},"author":2,"featured_media":21232,"comment_status":"open","ping_status":"open","sticky":false,"template":"","format":"standard","meta":[],"categories":[5,16],"tags":[],"_links":{"self":[{"href":"https:\/\/dgospel.com.br\/portal\/index.php\/wp-json\/wp\/v2\/posts\/21231"}],"collection":[{"href":"https:\/\/dgospel.com.br\/portal\/index.php\/wp-json\/wp\/v2\/posts"}],"about":[{"href":"https:\/\/dgospel.com.br\/portal\/index.php\/wp-json\/wp\/v2\/types\/post"}],"author":[{"embeddable":true,"href":"https:\/\/dgospel.com.br\/portal\/index.php\/wp-json\/wp\/v2\/users\/2"}],"replies":[{"embeddable":true,"href":"https:\/\/dgospel.com.br\/portal\/index.php\/wp-json\/wp\/v2\/comments?post=21231"}],"version-history":[{"count":1,"href":"https:\/\/dgospel.com.br\/portal\/index.php\/wp-json\/wp\/v2\/posts\/21231\/revisions"}],"predecessor-version":[{"id":21233,"href":"https:\/\/dgospel.com.br\/portal\/index.php\/wp-json\/wp\/v2\/posts\/21231\/revisions\/21233"}],"wp:featuredmedia":[{"embeddable":true,"href":"https:\/\/dgospel.com.br\/portal\/index.php\/wp-json\/wp\/v2\/media\/21232"}],"wp:attachment":[{"href":"https:\/\/dgospel.com.br\/portal\/index.php\/wp-json\/wp\/v2\/media?parent=21231"}],"wp:term":[{"taxonomy":"category","embeddable":true,"href":"https:\/\/dgospel.com.br\/portal\/index.php\/wp-json\/wp\/v2\/categories?post=21231"},{"taxonomy":"post_tag","embeddable":true,"href":"https:\/\/dgospel.com.br\/portal\/index.php\/wp-json\/wp\/v2\/tags?post=21231"}],"curies":[{"name":"wp","href":"https:\/\/api.w.org\/{rel}","templated":true}]}}