{"id":21234,"date":"2025-01-08T11:54:05","date_gmt":"2025-01-08T14:54:05","guid":{"rendered":"https:\/\/dgospel.com.br\/portal\/?p=21234"},"modified":"2025-01-08T12:26:05","modified_gmt":"2025-01-08T15:26:05","slug":"bolsonaro-e-convidado-para-posse-de-trump-e-pede-devolucao-de-passaporte-ao-stf","status":"publish","type":"post","link":"https:\/\/dgospel.com.br\/portal\/index.php\/2025\/01\/08\/bolsonaro-e-convidado-para-posse-de-trump-e-pede-devolucao-de-passaporte-ao-stf\/","title":{"rendered":"Bolsonaro \u00e9 convidado para posse de Trump e pede devolu\u00e7\u00e3o de passaporte ao STF"},"content":{"rendered":"\n<p>O ex-presidente Jair Bolsonaro afirmou nesta quarta-feira, 8, que foi convidado para a posse de Donald Trump como presidente dos Estados Unidos, marcada para o dia 20 de janeiro. Em mensagem publicada no X (antigo Twitter), Bolsonaro expressou sua gratid\u00e3o pelo convite, mencionando tamb\u00e9m o papel de seu filho, o deputado federal Eduardo Bolsonaro (PL-SP), na manuten\u00e7\u00e3o da rela\u00e7\u00e3o com a fam\u00edlia Trump.<\/p>\n\n\n\n<p>Bolsonaro est\u00e1 com o passaporte retido pelo Supremo Tribunal Federal (STF) devido \u00e0s investiga\u00e7\u00f5es que enfrenta. Para comparecer \u00e0 posse de Trump, o ex-presidente informou que seu advogado, Paulo Bueno, j\u00e1 protocolou um pedido ao ministro Alexandre de Moraes solicitando a devolu\u00e7\u00e3o do documento.<\/p>\n\n\n\n<p>\u201cAgrade\u00e7o a meu filho, o deputado Eduardo Bolsonaro, pelo excelente trabalho nesta rela\u00e7\u00e3o com a fam\u00edlia do presidente Donald J. Trump\u201d, escreveu Bolsonaro.<\/p>\n\n\n\n<p>Eduardo Bolsonaro defendeu o pai em um v\u00eddeo compartilhado na publica\u00e7\u00e3o, argumentando que Jair Bolsonaro \u00e9 alvo de persegui\u00e7\u00e3o judicial no Brasil, assim como Donald Trump seria nos Estados Unidos.<\/p>\n\n\n\n<p>\u201cDonald Trump certamente se identifica com Jair Bolsonaro, porque ele tamb\u00e9m foi v\u00edtima de um ativismo judicial nojento, repugnante e baixo\u201d, afirmou o deputado.<\/p>\n\n\n\n<p>Ele negou que Bolsonaro tenha participado de uma tentativa de golpe de Estado em 8 de janeiro, destacando que o ex-presidente estava nos Estados Unidos na data dos ataques em Bras\u00edlia. Eduardo tamb\u00e9m tentou refor\u00e7ar a narrativa de que Bolsonaro realizou uma transi\u00e7\u00e3o pac\u00edfica para o governo Lula.<\/p>\n\n\n\n<p>Apesar da alega\u00e7\u00e3o de transi\u00e7\u00e3o tranquila, Bolsonaro deixou o Brasil antes da posse de Lula, evitando passar a faixa presidencial ao sucessor. Sua aus\u00eancia foi marcada por manifesta\u00e7\u00f5es de apoiadores em frente a quart\u00e9is pedindo interven\u00e7\u00e3o militar contra o novo governo.<\/p>\n\n\n\n<p>Eduardo criticou o ministro Alexandre de Moraes, sugerindo que o sistema jur\u00eddico brasileiro estaria impedindo Bolsonaro de exercer atividades pol\u00edticas. \u201cQue Deus ilumine a cabe\u00e7a das autoridades brasileiras para que n\u00e3o impe\u00e7am o presidente Jair Bolsonaro de estar ao lado de Donald Trump no dia 20 de janeiro\u201d, concluiu.<\/p>\n","protected":false},"excerpt":{"rendered":"<p>O ex-presidente Jair Bolsonaro afirmou nesta quarta-feira, 8, que foi convidado para a posse de Donald Trump como presidente dos Estados Unidos, marcada para o dia 20 de janeiro. Em mensagem publicada no X (antigo Twitter), Bolsonaro expressou sua gratid\u00e3o pelo convite, mencionando tamb\u00e9m o papel de seu filho, o deputado federal Eduardo Bolsonaro (PL-SP), [&hellip;]<\/p>\n","protected":false},"author":2,"featured_media":21235,"comment_status":"open","ping_status":"open","sticky":false,"template":"","format":"standard","meta":[],"categories":[4],"tags":[13],"_links":{"self":[{"href":"https:\/\/dgospel.com.br\/portal\/index.php\/wp-json\/wp\/v2\/posts\/21234"}],"collection":[{"href":"https:\/\/dgospel.com.br\/portal\/index.php\/wp-json\/wp\/v2\/posts"}],"about":[{"href":"https:\/\/dgospel.com.br\/portal\/index.php\/wp-json\/wp\/v2\/types\/post"}],"author":[{"embeddable":true,"href":"https:\/\/dgospel.com.br\/portal\/index.php\/wp-json\/wp\/v2\/users\/2"}],"replies":[{"embeddable":true,"href":"https:\/\/dgospel.com.br\/portal\/index.php\/wp-json\/wp\/v2\/comments?post=21234"}],"version-history":[{"count":1,"href":"https:\/\/dgospel.com.br\/portal\/index.php\/wp-json\/wp\/v2\/posts\/21234\/revisions"}],"predecessor-version":[{"id":21236,"href":"https:\/\/dgospel.com.br\/portal\/index.php\/wp-json\/wp\/v2\/posts\/21234\/revisions\/21236"}],"wp:featuredmedia":[{"embeddable":true,"href":"https:\/\/dgospel.com.br\/portal\/index.php\/wp-json\/wp\/v2\/media\/21235"}],"wp:attachment":[{"href":"https:\/\/dgospel.com.br\/portal\/index.php\/wp-json\/wp\/v2\/media?parent=21234"}],"wp:term":[{"taxonomy":"category","embeddable":true,"href":"https:\/\/dgospel.com.br\/portal\/index.php\/wp-json\/wp\/v2\/categories?post=21234"},{"taxonomy":"post_tag","embeddable":true,"href":"https:\/\/dgospel.com.br\/portal\/index.php\/wp-json\/wp\/v2\/tags?post=21234"}],"curies":[{"name":"wp","href":"https:\/\/api.w.org\/{rel}","templated":true}]}}