{"id":2124,"date":"2018-12-19T18:56:53","date_gmt":"2018-12-19T20:56:53","guid":{"rendered":"http:\/\/dgospel.com.br\/portal\/?p=2124"},"modified":"2018-12-19T18:56:53","modified_gmt":"2018-12-19T20:56:53","slug":"governo-vai-proibir-guarda-chuva-e-carrinho-de-bebe-na-posse-de-bolsonaro","status":"publish","type":"post","link":"https:\/\/dgospel.com.br\/portal\/index.php\/2018\/12\/19\/governo-vai-proibir-guarda-chuva-e-carrinho-de-bebe-na-posse-de-bolsonaro\/","title":{"rendered":"Governo vai proibir guarda-chuva e carrinho de beb\u00ea na posse de Bolsonaro"},"content":{"rendered":"<p>O<em>\u00a0Gabinete de Seguran\u00e7a Institucional (GSI)\u00a0<\/em>da Presid\u00eancia da Rep\u00fablica divulgou na manh\u00e3 desta ter\u00e7a-feira as medidas de seguran\u00e7a que ser\u00e3o tomadas para a cerim\u00f4nia de posse do presidente eleito, Jair Bolsonaro , do dia 1\u00ba de janeiro de 2019. Quem for \u00e0 Esplanada dos Minist\u00e9rios assistir \u00e0 posse n\u00e3o poder\u00e1 portar uma s\u00e9rie de objetos, como guarda-chuvas, bolsas, mochilas e garrafas. Tamb\u00e9m ser\u00e3o proibidos carrinhos de beb\u00ea , animais de estima\u00e7\u00e3o, e alguns objetos mais \u00f3bvios, como armas de fogo e produtos inflam\u00e1veis. A proibi\u00e7\u00e3o de guarda-chuvas \u00e9 especialmente curiosa porque o m\u00eas de janeiro \u00e9 um dos mais chuvosos na capital federal.<\/p>\n<p>Para a posse, a Esplanada dos Minist\u00e9rios ser\u00e1 interditada por 80 horas. As for\u00e7as de seguran\u00e7a ocupar\u00e3o o local a partir da meia-noite do dia 30 e o local s\u00f3 ser\u00e1 reaberto no dia 2 de janeiro \u00e0s 8h. N\u00e3o haver\u00e1 expediente de trabalho para quem trabalha nessa regi\u00e3o da cidade no dia 31, uma segunda-feira.<\/p>\n<p>Foi divulgado pelo\u00a0<em>GSI<\/em>\u00a0tamb\u00e9m procedimentos para o caso de ataques com armas qu\u00edmicas, biol\u00f3gicas, radiol\u00f3gicas e nucleares. O panfleto informa que os sintomas nesse tipo de ataque s\u00e3o &#8220;n\u00e1useas, dor de cabe\u00e7a, vermelhid\u00e3o na pele, dificuldade de respirar e bolhas na pele&#8221;. O material recomenda que se comunique \u00e0s autoridades de seguran\u00e7a se houver suspeita, abandono e isolamento do local e n\u00e3o tocar no objeto que pode ser o disseminador deste tipo de ataque.<\/p>\n<p>A prepara\u00e7\u00e3o para a posse tem exigido esfor\u00e7os adicionais de seguran\u00e7a. Isto ocorre devido ao atentado que Bolsonaro foi v\u00edtima durante a campanha e a seguidas amea\u00e7as de morte que vem sendo relatadas por assessores.<\/p>\n<p><strong>Atiradores de Elite<\/strong><\/p>\n<p>Conforme\u00a0<em>o Globo\u00a0<\/em>revelou nesta segunda-feira , atiradores de elite devem ser instalados em pr\u00e9dios da Esplanada e um grande contingente de agentes estar\u00e3o disfar\u00e7ados no meio da multid\u00e3o, durante todo o tempo em que o presidente eleito estiver na Esplanada.<\/p>\n<p>Bloqueadores de radiofrequ\u00eancia ser\u00e3o usados para dificultar a comunica\u00e7\u00e3o de potenciais criminosos. Tropas do Ex\u00e9rcito foram escaladas para isolar e monitorar todo o entorno da Esplanada. At\u00e9 12 mil homens, entre integrantes das For\u00e7as Armadas, das pol\u00edcias federal, civil e militar, dos bombeiros e do departamento de tr\u00e2nsito do Distrito Federal estar\u00e3o envolvidos na opera\u00e7\u00e3o. Por causa da estrutura de seguran\u00e7a, o custo total da posse deve chegar a cerca de R$ 1 milh\u00e3o, um dos mais altos da hist\u00f3ria, quase o dobro de eventos anteriores.<\/p>\n<p>O chefe do Gabinete de Seguran\u00e7a Institucional (GSI), general Sergio Etchegoyen disse que enquanto uma amea\u00e7a n\u00e3o for totalmente esclarecida, continua viva, ao se referir ao atentado sofrido por Bolsonaro. Ele n\u00e3o quis informar os detalhes da estrat\u00e9gia de seguran\u00e7a, mas disse que, se comparada \u00e0s posses anteriores, provavelmente haver\u00e1 um aumento do efetivo. Segundo Etchegoyen, ainda n\u00e3o foi decidido se Bolsonaro desfilar\u00e1 em carro aberto. Etchegoyen n\u00e3o quis falar sobre a possibilidade de se usar atiradores de elite, afirmando que n\u00e3o poderia falar sobre as t\u00e9cnicas que seriam utilizadas.<\/p>\n<p>&#8211; Toda amea\u00e7a s\u00f3 deixa de ser amea\u00e7a quando \u00e9 plenamente esclarecida. Se ainda n\u00e3o foi esclarecida ainda \u00e9 uma ame\u00e7a viva e portanto estar\u00e1 presente na estrat\u00e9gia &#8211; disse Etchegoyen, complementando em seguida:<\/p>\n<p>&#8211;\u00a0 No quesito seguran\u00e7a ampliamos os cuidados por conta do que aconteceu. Temos o efetivo necess\u00e1rio e suficiente para garantir a seguran\u00e7a do presidente e da popula\u00e7\u00e3o. O cerimonial \u00e9 o mesmo, mas as medidas de seguran\u00e7a s\u00e3o claramente outras. \u00c9 poss\u00edvel que o efetivo, se comparado, seja maior.<\/p>\n<p><strong>P\u00fablico presente<\/strong><\/p>\n<p>O general Augusto Heleno, que suceder\u00e1 Etchegoyen no GSI, tamb\u00e9m participou do an\u00fancio, e informou que a expectativa \u00e9 que entre 250 mil e 500 mil pessoas venham \u00e0 Esplanada dos Minist\u00e9rios assistir \u00e0 posse. Ser\u00e3o montadas quatro barreiras para revistar os presentes, uma ap\u00f3s a outra. Come\u00e7ando na Rodovi\u00e1ria (a primeira) at\u00e9 a Pra\u00e7a dos Tr\u00eas Poderes. Haver\u00e1 revistas com as chamadas &#8220;raquetes&#8221; para identificar metais e portais. Ser\u00e1 proibido levar uma s\u00e9rie de objetos, e haver\u00e1 bloqueio dos sinais de drones e r\u00e1dios piratas.<\/p>\n<p>A popula\u00e7\u00e3o n\u00e3o poder\u00e1 levar bolsas, mochilas e n\u00e3o haver\u00e1 ambulantes vendendo alimentos. Ser\u00e3o montados postos de \u00e1gua para fornecer gratuitamente aos presentes e banheiros. E tel\u00f5es exibindo as cerim\u00f4nias que acontecer\u00e3o no Congresso, no Itamaraty e no Pal\u00e1cio do Planalto.<\/p>\n<p>&#8211; N\u00e3o haver\u00e1 ambulantes. Por isso ser\u00e3o fornecidos \u00e1gua em copos de pl\u00e1stico. Um pacote de biscoito poder\u00e1 trazer, uma barra de cereal para mastigar &#8211;\u00a0 esclareceu Etchegoyen.<\/p>\n<p>O general negou que haver\u00e1 bloqueio do sinal do celular. Segundo o Pal\u00e1cio do Itamaraty, nove chefes de Estado confirmaram presen\u00e7a na posse de Bolsonaro. Al\u00e9m disso, dois vice-presidentes, oito chanceleres e dois altos dirigentes de organiza\u00e7\u00f5es internacionais disseram que vir\u00e3o. O Itamaraty n\u00e3o quis informar os nomes.<\/p>\n<p>Para cada etapa da festa haver\u00e1 uma limita\u00e7\u00e3o de convidados. No Itamaraty, ser\u00e3o dados mil convites &#8211; chegando a 2,5 mil convidados (incluindo os acompanhantes). No Pal\u00e1cio do Planalto a limita\u00e7\u00e3o \u00e9 de mil pessoas no t\u00e9rreo, 400 no segundo andar; 400 no quarto andar e de 120 a 160 no mezanino do Pal\u00e1cio, localizado no terceiro andar. Segundo Heleno, na C\u00e2mara ser\u00e3o convidados apenas os l\u00edderes dos partidos. E no Senado, todos os atuais senadores.<\/p>\n<p>&nbsp;<\/p>\n<p><strong>Fonte: O Globo<\/strong><\/p>\n","protected":false},"excerpt":{"rendered":"<p>O\u00a0Gabinete de Seguran\u00e7a Institucional (GSI)\u00a0da Presid\u00eancia da Rep\u00fablica divulgou na manh\u00e3 desta ter\u00e7a-feira as medidas de seguran\u00e7a que ser\u00e3o tomadas para a cerim\u00f4nia de posse do presidente eleito, Jair Bolsonaro , do dia 1\u00ba de janeiro de 2019. Quem for \u00e0 Esplanada dos Minist\u00e9rios assistir \u00e0 posse n\u00e3o poder\u00e1 portar uma s\u00e9rie de objetos, como [&hellip;]<\/p>\n","protected":false},"author":2,"featured_media":2125,"comment_status":"open","ping_status":"open","sticky":false,"template":"","format":"standard","meta":[],"categories":[6],"tags":[],"_links":{"self":[{"href":"https:\/\/dgospel.com.br\/portal\/index.php\/wp-json\/wp\/v2\/posts\/2124"}],"collection":[{"href":"https:\/\/dgospel.com.br\/portal\/index.php\/wp-json\/wp\/v2\/posts"}],"about":[{"href":"https:\/\/dgospel.com.br\/portal\/index.php\/wp-json\/wp\/v2\/types\/post"}],"author":[{"embeddable":true,"href":"https:\/\/dgospel.com.br\/portal\/index.php\/wp-json\/wp\/v2\/users\/2"}],"replies":[{"embeddable":true,"href":"https:\/\/dgospel.com.br\/portal\/index.php\/wp-json\/wp\/v2\/comments?post=2124"}],"version-history":[{"count":1,"href":"https:\/\/dgospel.com.br\/portal\/index.php\/wp-json\/wp\/v2\/posts\/2124\/revisions"}],"predecessor-version":[{"id":2126,"href":"https:\/\/dgospel.com.br\/portal\/index.php\/wp-json\/wp\/v2\/posts\/2124\/revisions\/2126"}],"wp:featuredmedia":[{"embeddable":true,"href":"https:\/\/dgospel.com.br\/portal\/index.php\/wp-json\/wp\/v2\/media\/2125"}],"wp:attachment":[{"href":"https:\/\/dgospel.com.br\/portal\/index.php\/wp-json\/wp\/v2\/media?parent=2124"}],"wp:term":[{"taxonomy":"category","embeddable":true,"href":"https:\/\/dgospel.com.br\/portal\/index.php\/wp-json\/wp\/v2\/categories?post=2124"},{"taxonomy":"post_tag","embeddable":true,"href":"https:\/\/dgospel.com.br\/portal\/index.php\/wp-json\/wp\/v2\/tags?post=2124"}],"curies":[{"name":"wp","href":"https:\/\/api.w.org\/{rel}","templated":true}]}}