{"id":21240,"date":"2025-01-08T12:23:38","date_gmt":"2025-01-08T15:23:38","guid":{"rendered":"https:\/\/dgospel.com.br\/portal\/?p=21240"},"modified":"2025-01-08T12:23:40","modified_gmt":"2025-01-08T15:23:40","slug":"governador-determina-operacao-das-forcas-de-seguranca-para-impedir-acoes-criminosas-em-palmas","status":"publish","type":"post","link":"https:\/\/dgospel.com.br\/portal\/index.php\/2025\/01\/08\/governador-determina-operacao-das-forcas-de-seguranca-para-impedir-acoes-criminosas-em-palmas\/","title":{"rendered":"Governador determina opera\u00e7\u00e3o das for\u00e7as de seguran\u00e7a para impedir a\u00e7\u00f5es criminosas em Palmas"},"content":{"rendered":"\n<p>O governador do Tocantins, Wanderlei Barbosa, anunciou nesta nesta ter\u00e7a-feira, 7, em reuni\u00e3o virtual com as for\u00e7as de seguran\u00e7a do Estado, a&nbsp;<em>Opera\u00e7\u00e3o Cidade Blindada<\/em>, com o objetivo de&nbsp; intensificar o combate \u00e0s a\u00e7\u00f5es criminosas na capital tocantinense, por meio de refor\u00e7o no policiamento e a integra\u00e7\u00e3o entre diferentes for\u00e7as de seguran\u00e7a.<\/p>\n\n\n\n<p>Foram disponibilizados ve\u00edculos, equipamentos e uma reestrutura\u00e7\u00e3o das for\u00e7as policiais para garantir maior prote\u00e7\u00e3o nas ruas de Palmas. Como parte da opera\u00e7\u00e3o, mais de 100 policiais foram realocados de outros munic\u00edpios para integrarem as a\u00e7\u00f5es, que incluem blitzes, abordagens rotineiras, patrulhas rurais e opera\u00e7\u00f5es de combate ao crime organizado.<\/p>\n\n\n\n<p>O governador do Tocantins, Wanderlei Barbosa, participou da reuni\u00e3o por videoconfer\u00eancia e destacou o compromisso do Governo do Tocantins em garantir a seguran\u00e7a da popula\u00e7\u00e3o. \u201cN\u00f3s n\u00e3o vamos deixar que qualquer situa\u00e7\u00e3o que gere inseguran\u00e7a tome conta de Palmas. A&nbsp;<em>Opera\u00e7\u00e3o Cidade Blindada<\/em>&nbsp;\u00e9 um reflexo do nosso trabalho para enfrentar a criminalidade com efici\u00eancia e responsabilidade\u201d, pontuou o chefe do Executivo estadual.&nbsp;<\/p>\n\n\n\n<p>O comandante-geral da PMTO, coronel M\u00e1rcio Ant\u00f4nio Barbosa, ressaltou o empenho da corpora\u00e7\u00e3o no combate \u00e0 criminalidade. \u201cEstamos intensificando as a\u00e7\u00f5es ostensivas para inibir qualquer tentativa de desordem ou viol\u00eancia. O batalh\u00e3o est\u00e1 mobilizado e n\u00e3o medir\u00e1 esfor\u00e7os para impedir que a inseguran\u00e7a se instale em nossa Capital\u201d, enfatizou o comandante-geral.&nbsp;<\/p>\n\n\n\n<p><strong>Opera\u00e7\u00e3o Cidade Blindada<\/strong><\/p>\n\n\n\n<p>As a\u00e7\u00f5es da&nbsp;<em>Opera\u00e7\u00e3o Cidade Blindada<\/em>&nbsp;iniciam nesta ter\u00e7a-feira, 7, e contam com o apoio operacional do efetivo total do 1\u00ba Batalh\u00e3o de Pol\u00edcia Militar (1\u00ba BPM) e do 6\u00ba BPM, com refor\u00e7o do helic\u00f3ptero do Grupamento A\u00e9reo da Pol\u00edcia Militar do Tocantins (Graer), da Pol\u00edcia Civil, Cavalaria, Rondas Ostensivas T\u00e1ticas Metropolitana (Rotam), Batalh\u00e3o de Opera\u00e7\u00f5es Especiais (Bope), Grupo de Interven\u00e7\u00e3o R\u00e1pida e Ostensiva (Giro), Comando de Opera\u00e7\u00f5es e Divisas (COD), Canil e Batalh\u00e3o de Pol\u00edcia Militar Ambiental (BPMA).<\/p>\n\n\n\n<p>As a\u00e7\u00f5es contam ainda com a Instala\u00e7\u00e3o do Batalh\u00e3o de Pronto Emprego (Bepe), com remanejamento de For\u00e7as T\u00e1ticas do interior, que ficar\u00e3o provisoriamente instaladas na Escola de Gest\u00e3o Fazend\u00e1ria (Egefaz).<\/p>\n\n\n\n<p>As delegacias da Pol\u00edcia Civil ir\u00e3o atuar de forma integrada com as demais for\u00e7as de seguran\u00e7a, por meio do trabalho investigativo. O secret\u00e1rio executivo da Secretaria de Estado da Seguran\u00e7a P\u00fablica (SSP\/TO), Reginaldo de Menezes Brito, salientou que a opera\u00e7\u00e3o marca um esfor\u00e7o conjunto e agora o servi\u00e7o de intelig\u00eancia est\u00e1 trabalhando para identificar e prender criminosos. \u201cA Pol\u00edcia Civil est\u00e1 empenhada nesta opera\u00e7\u00e3o conjunta. O Departamento de Intelig\u00eancia est\u00e1 trabalhando intensamente para identificar e prender os criminosos que est\u00e3o amea\u00e7ando a seguran\u00e7a na capital\u201d, explicou o secret\u00e1rio.&nbsp;<\/p>\n\n\n\n<p>O comandante da Guarda Metropolitana de Palmas (GMP), Gilmar Fernandes, evidenciou o papel do munic\u00edpio nas a\u00e7\u00f5es. \u201cVamos implementar uma estrat\u00e9gia integrada da Guarda Metropolitana em conjunto com as for\u00e7as de seguran\u00e7a do Estado. Utilizaremos o sistema de monitoramento, da Guarda Metropolitana de Palmas, para apoiar o trabalho das equipes de intelig\u00eancia e oferecer dados mais precisos\u201d, detalhou.&nbsp;<\/p>\n\n\n\n<p>As a\u00e7\u00f5es tamb\u00e9m v\u00e3o trabalhar no combate \u00e0 propaga\u00e7\u00e3o de not\u00edcias falsas, que podem contribuir para a sensa\u00e7\u00e3o de inseguran\u00e7a. \u201cIdentificamos que a informa\u00e7\u00e3o divulgada nas redes sociais, sobre ataques ao transporte p\u00fablico, trata-se de uma&nbsp;<em>fake news<\/em>. Mesmo assim, a Pol\u00edcia Militar est\u00e1 atenta e n\u00e3o desconsidera a situa\u00e7\u00e3o. Estaremos presentes nos pontos de \u00f4nibus e acompanhando a sa\u00edda dos ve\u00edculos desde as garagens, garantindo a seguran\u00e7a e a tranquilidade da popula\u00e7\u00e3o\u201d, concluiu o comandante-geral da PMTO, coronel M\u00e1rcio Ant\u00f4nio Barbosa.&nbsp;<\/p>\n\n\n\n<p><img src=\"https:\/\/central.to.gov.br\/image\/407912?w=670&amp;h=383\"><\/p>\n\n\n\n<p>Opera\u00e7\u00e3o Cidade Blindada tem o objetivo de intensificar o combate \u00e0s a\u00e7\u00f5es criminosas na capital tocantinense &#8211; Adilvan Nogueira\/Governo do Tocantins&nbsp;<a href=\"https:\/\/central.to.gov.br\/image\/407912?f=1\" target=\"_blank\" rel=\"noreferrer noopener\"><em>file_download<\/em><\/a><\/p>\n\n\n\n<p><img src=\"https:\/\/central.to.gov.br\/image\/407915?w=670&amp;h=383\"><\/p>\n\n\n\n<p>O comandante-geral da PMTO, coronel M\u00e1rcio Ant\u00f4nio Barbosa, ressaltou o empenho da corpora\u00e7\u00e3o no combate \u00e0 criminalidade &#8211; Adilvan Nogueira\/Governo do Tocantins&nbsp;<a href=\"https:\/\/central.to.gov.br\/image\/407915?f=1\" target=\"_blank\" rel=\"noreferrer noopener\"><em>file_download<\/em><\/a><\/p>\n\n\n\n<p><img src=\"https:\/\/central.to.gov.br\/image\/407913?w=670&amp;h=383\"><\/p>\n\n\n\n<p>O secret\u00e1rio executivo da SSP\/TO, Reginaldo de Menezes Brito, salientou que a opera\u00e7\u00e3o marca um esfor\u00e7o conjunto &#8211; Adilvan Nogueira\/Governo do Tocantins&nbsp;<a href=\"https:\/\/central.to.gov.br\/image\/407913?f=1\" target=\"_blank\" rel=\"noreferrer noopener\"><em>file_download<\/em><\/a><\/p>\n\n\n\n<p><img src=\"https:\/\/central.to.gov.br\/image\/407911?w=670&amp;h=383\"><\/p>\n\n\n\n<p>O comandante da Guarda Metropolitana de Palmas, Gilmar Fernandes, evidenciou o papel do munic\u00edpio nas a\u00e7\u00f5es &#8211; Adilvan Nogueira\/Governo do Tocantins&nbsp;<a href=\"https:\/\/central.to.gov.br\/image\/407911?f=1\" target=\"_blank\" rel=\"noreferrer noopener\"><em>file_download<\/em><\/a><\/p>\n","protected":false},"excerpt":{"rendered":"<p>O governador do Tocantins, Wanderlei Barbosa, anunciou nesta nesta ter\u00e7a-feira, 7, em reuni\u00e3o virtual com as for\u00e7as de seguran\u00e7a do Estado, a&nbsp;Opera\u00e7\u00e3o Cidade Blindada, com o objetivo de&nbsp; intensificar o combate \u00e0s a\u00e7\u00f5es criminosas na capital tocantinense, por meio de refor\u00e7o no policiamento e a integra\u00e7\u00e3o entre diferentes for\u00e7as de seguran\u00e7a. Foram disponibilizados ve\u00edculos, equipamentos [&hellip;]<\/p>\n","protected":false},"author":2,"featured_media":21241,"comment_status":"open","ping_status":"open","sticky":false,"template":"","format":"standard","meta":[],"categories":[3],"tags":[13],"_links":{"self":[{"href":"https:\/\/dgospel.com.br\/portal\/index.php\/wp-json\/wp\/v2\/posts\/21240"}],"collection":[{"href":"https:\/\/dgospel.com.br\/portal\/index.php\/wp-json\/wp\/v2\/posts"}],"about":[{"href":"https:\/\/dgospel.com.br\/portal\/index.php\/wp-json\/wp\/v2\/types\/post"}],"author":[{"embeddable":true,"href":"https:\/\/dgospel.com.br\/portal\/index.php\/wp-json\/wp\/v2\/users\/2"}],"replies":[{"embeddable":true,"href":"https:\/\/dgospel.com.br\/portal\/index.php\/wp-json\/wp\/v2\/comments?post=21240"}],"version-history":[{"count":1,"href":"https:\/\/dgospel.com.br\/portal\/index.php\/wp-json\/wp\/v2\/posts\/21240\/revisions"}],"predecessor-version":[{"id":21242,"href":"https:\/\/dgospel.com.br\/portal\/index.php\/wp-json\/wp\/v2\/posts\/21240\/revisions\/21242"}],"wp:featuredmedia":[{"embeddable":true,"href":"https:\/\/dgospel.com.br\/portal\/index.php\/wp-json\/wp\/v2\/media\/21241"}],"wp:attachment":[{"href":"https:\/\/dgospel.com.br\/portal\/index.php\/wp-json\/wp\/v2\/media?parent=21240"}],"wp:term":[{"taxonomy":"category","embeddable":true,"href":"https:\/\/dgospel.com.br\/portal\/index.php\/wp-json\/wp\/v2\/categories?post=21240"},{"taxonomy":"post_tag","embeddable":true,"href":"https:\/\/dgospel.com.br\/portal\/index.php\/wp-json\/wp\/v2\/tags?post=21240"}],"curies":[{"name":"wp","href":"https:\/\/api.w.org\/{rel}","templated":true}]}}