{"id":21243,"date":"2025-01-08T12:25:12","date_gmt":"2025-01-08T15:25:12","guid":{"rendered":"https:\/\/dgospel.com.br\/portal\/?p=21243"},"modified":"2025-01-08T12:25:13","modified_gmt":"2025-01-08T15:25:13","slug":"governo-do-tocantins-interdita-parcialmente-ponte-que-liga-palmas-a-luzimangues-para-manutencao-da-iluminacao-e-aterro","status":"publish","type":"post","link":"https:\/\/dgospel.com.br\/portal\/index.php\/2025\/01\/08\/governo-do-tocantins-interdita-parcialmente-ponte-que-liga-palmas-a-luzimangues-para-manutencao-da-iluminacao-e-aterro\/","title":{"rendered":"Governo do Tocantins interdita parcialmente ponte que liga Palmas a Luzimangues para manuten\u00e7\u00e3o da ilumina\u00e7\u00e3o e aterro"},"content":{"rendered":"\n<p>O Governo do Tocantins, por meio da Ag\u00eancia de Transportes, Obras e Infraestrutura (Ageto), interdita parcialmente nesta quarta, 8, e quinta-feira, 9, das 7 \u00e0s 19 horas, a ponte Governador Jos\u00e9 Wilson Siqueira Campos, que liga Palmas a Luzimangues, distrito de Porto Nacional, para realiza\u00e7\u00e3o de manuten\u00e7\u00f5es preventivas e corretivas no sistema de ilumina\u00e7\u00e3o e aterro.<\/p>\n\n\n\n<p>A interdi\u00e7\u00e3o ser\u00e1 parcial em alguns pontos da ponte, tendo o tr\u00e1fego funcionando em apenas meia pista, com o apoio do Batalh\u00e3o de Pol\u00edcia Militar Rodovi\u00e1rio e Divisas (BPMRED).&nbsp;<\/p>\n\n\n\n<p>\u201cO Governo do Tocantins deve entregar a atual manuten\u00e7\u00e3o em apenas dois dias. A previs\u00e3o \u00e9 que a execu\u00e7\u00e3o da duplica\u00e7\u00e3o das vias da ponte seja iniciada em 2025\u201d, ressaltou o superintendente de Opera\u00e7\u00e3o e Conserva\u00e7\u00e3o da Ageto, T\u00falio Parreira Labre.<\/p>\n\n\n\n<p>Os servi\u00e7os desta semana s\u00e3o quesitos da manuten\u00e7\u00e3o rotineira que as equipes da Ageto fazem nas pontes e rodovias estaduais, visando proporcionar mais seguran\u00e7a aos usu\u00e1rios do sistema rodovi\u00e1rio tocantinense.<a href=\"javascript:\"><em>keyboard_arrow_up<\/em><\/a><\/p>\n","protected":false},"excerpt":{"rendered":"<p>O Governo do Tocantins, por meio da Ag\u00eancia de Transportes, Obras e Infraestrutura (Ageto), interdita parcialmente nesta quarta, 8, e quinta-feira, 9, das 7 \u00e0s 19 horas, a ponte Governador Jos\u00e9 Wilson Siqueira Campos, que liga Palmas a Luzimangues, distrito de Porto Nacional, para realiza\u00e7\u00e3o de manuten\u00e7\u00f5es preventivas e corretivas no sistema de ilumina\u00e7\u00e3o e [&hellip;]<\/p>\n","protected":false},"author":2,"featured_media":21244,"comment_status":"open","ping_status":"open","sticky":false,"template":"","format":"standard","meta":[],"categories":[3],"tags":[13],"_links":{"self":[{"href":"https:\/\/dgospel.com.br\/portal\/index.php\/wp-json\/wp\/v2\/posts\/21243"}],"collection":[{"href":"https:\/\/dgospel.com.br\/portal\/index.php\/wp-json\/wp\/v2\/posts"}],"about":[{"href":"https:\/\/dgospel.com.br\/portal\/index.php\/wp-json\/wp\/v2\/types\/post"}],"author":[{"embeddable":true,"href":"https:\/\/dgospel.com.br\/portal\/index.php\/wp-json\/wp\/v2\/users\/2"}],"replies":[{"embeddable":true,"href":"https:\/\/dgospel.com.br\/portal\/index.php\/wp-json\/wp\/v2\/comments?post=21243"}],"version-history":[{"count":1,"href":"https:\/\/dgospel.com.br\/portal\/index.php\/wp-json\/wp\/v2\/posts\/21243\/revisions"}],"predecessor-version":[{"id":21245,"href":"https:\/\/dgospel.com.br\/portal\/index.php\/wp-json\/wp\/v2\/posts\/21243\/revisions\/21245"}],"wp:featuredmedia":[{"embeddable":true,"href":"https:\/\/dgospel.com.br\/portal\/index.php\/wp-json\/wp\/v2\/media\/21244"}],"wp:attachment":[{"href":"https:\/\/dgospel.com.br\/portal\/index.php\/wp-json\/wp\/v2\/media?parent=21243"}],"wp:term":[{"taxonomy":"category","embeddable":true,"href":"https:\/\/dgospel.com.br\/portal\/index.php\/wp-json\/wp\/v2\/categories?post=21243"},{"taxonomy":"post_tag","embeddable":true,"href":"https:\/\/dgospel.com.br\/portal\/index.php\/wp-json\/wp\/v2\/tags?post=21243"}],"curies":[{"name":"wp","href":"https:\/\/api.w.org\/{rel}","templated":true}]}}