{"id":21247,"date":"2025-01-08T21:58:22","date_gmt":"2025-01-09T00:58:22","guid":{"rendered":"https:\/\/dgospel.com.br\/portal\/?p=21247"},"modified":"2025-01-08T21:58:23","modified_gmt":"2025-01-09T00:58:23","slug":"eduardo-siqueira-campos-anuncia-convocacao-de-533-aprovados-no-concurso-da-educacao","status":"publish","type":"post","link":"https:\/\/dgospel.com.br\/portal\/index.php\/2025\/01\/08\/eduardo-siqueira-campos-anuncia-convocacao-de-533-aprovados-no-concurso-da-educacao\/","title":{"rendered":"Eduardo Siqueira Campos anuncia convoca\u00e7\u00e3o de 533 aprovados no concurso da educa\u00e7\u00e3o"},"content":{"rendered":"\n<p>Em coletiva de imprensa, realizada na tarde desta quarta-feira, 8, o prefeito de Palmas, Eduardo Siqueira Campos, acompanhado da secret\u00e1ria municipal da Educa\u00e7\u00e3o, D\u00e9bora Guedes, anunciou&nbsp;a convoca\u00e7\u00e3o imediata de 533 aprovados no concurso da educa\u00e7\u00e3o, que n\u00e3o est\u00e3o impedidos judicialmente e a contrata\u00e7\u00e3o de 1.230 aprovados, mas que tiveram seus direitos suspensos pela Justi\u00e7a. A proposta apresentada visa suprir as demandas de in\u00edcio de ano letivo na escola da rede municipal.<\/p>\n\n\n\n<p>Conforme explicou Eduardo Siqueira Campos, a contrata\u00e7\u00e3o dessas 1.230 pessoas que est\u00e3o com os cargos suspensos pela Justi\u00e7a&nbsp;ser\u00e1 imediata e seguir\u00e1 a ordem de classifica\u00e7\u00e3o dos aprovados, em seus respectivos postos. O prefeito esclareceu ainda que, t\u00e3o logo sejam resolvidos todos os questionamentos judiciais e o certame seja homologado, seguir\u00e1 a nomea\u00e7\u00e3o dos profissionais, apenas mudando a natureza do v\u00ednculo. O prefeito explicou ainda que caso alguns&nbsp;dos aprovados n\u00e3o tenham interesse na contrata\u00e7\u00e3o&nbsp;seus direitos e vagas ser\u00e3o preservadas com a homologa\u00e7\u00e3o do certame. \u201cEu espero que essa seja uma not\u00edcia boa para todos, porque eu n\u00e3o encontro nada mais justo do que isso, at\u00e9 esse momento\u201d, pontuou o prefeito.<\/p>\n\n\n\n<p>Durante a coletiva, a secret\u00e1ria D\u00e9bora Guedes disse que foi designada uma comiss\u00e3o especial para acompanhar e avaliar todo o processo e demandas relacionadas ao concurso da educa\u00e7\u00e3o municipal e o que est\u00e1 sendo cobrado. \u201c\u00c9 interesse da Secretaria Municipal da Educa\u00e7\u00e3o (Semed) tamb\u00e9m que esse concurso seja, de fato, efetivado nessas fun\u00e7\u00f5es, porque para a gente \u00e9 muito desagrad\u00e1vel colocar um professor na sala de aula e daqui a dois meses ter que tir\u00e1-lo. Pedagogicamente falando, isso vai cair a qualidade na educa\u00e7\u00e3o. Ent\u00e3o, \u00e9 interesse nosso que isso seja regularizado o mais r\u00e1pido poss\u00edvel\u201d, esclareceu a secret\u00e1ria.<\/p>\n\n\n\n<p>D\u00e9bora Guedes ressaltou que entende que o pessoal que estudou e que foi aprovado no concurso&nbsp;tem o seu m\u00e9rito. \u201cEles se esfor\u00e7aram muito, se sacrificaram e n\u00f3s estamos do lado da popula\u00e7\u00e3o. N\u00f3s estamos aqui para trabalhar em prol da popula\u00e7\u00e3o. Consultamos os nossos advogados se n\u00f3s pod\u00edamos dar andamento \u00e0&nbsp;nomea\u00e7\u00e3o daquelas fun\u00e7\u00f5es que n\u00e3o estavam suspensas e tivemos uma indica\u00e7\u00e3o de que poder\u00edamos sim. Ent\u00e3o, optamos por fazer isso\u201d, concluiu a gestora.<\/p>\n","protected":false},"excerpt":{"rendered":"<p>Em coletiva de imprensa, realizada na tarde desta quarta-feira, 8, o prefeito de Palmas, Eduardo Siqueira Campos, acompanhado da secret\u00e1ria municipal da Educa\u00e7\u00e3o, D\u00e9bora Guedes, anunciou&nbsp;a convoca\u00e7\u00e3o imediata de 533 aprovados no concurso da educa\u00e7\u00e3o, que n\u00e3o est\u00e3o impedidos judicialmente e a contrata\u00e7\u00e3o de 1.230 aprovados, mas que tiveram seus direitos suspensos pela Justi\u00e7a. A [&hellip;]<\/p>\n","protected":false},"author":2,"featured_media":21248,"comment_status":"open","ping_status":"open","sticky":false,"template":"","format":"standard","meta":[],"categories":[3],"tags":[13],"_links":{"self":[{"href":"https:\/\/dgospel.com.br\/portal\/index.php\/wp-json\/wp\/v2\/posts\/21247"}],"collection":[{"href":"https:\/\/dgospel.com.br\/portal\/index.php\/wp-json\/wp\/v2\/posts"}],"about":[{"href":"https:\/\/dgospel.com.br\/portal\/index.php\/wp-json\/wp\/v2\/types\/post"}],"author":[{"embeddable":true,"href":"https:\/\/dgospel.com.br\/portal\/index.php\/wp-json\/wp\/v2\/users\/2"}],"replies":[{"embeddable":true,"href":"https:\/\/dgospel.com.br\/portal\/index.php\/wp-json\/wp\/v2\/comments?post=21247"}],"version-history":[{"count":1,"href":"https:\/\/dgospel.com.br\/portal\/index.php\/wp-json\/wp\/v2\/posts\/21247\/revisions"}],"predecessor-version":[{"id":21249,"href":"https:\/\/dgospel.com.br\/portal\/index.php\/wp-json\/wp\/v2\/posts\/21247\/revisions\/21249"}],"wp:featuredmedia":[{"embeddable":true,"href":"https:\/\/dgospel.com.br\/portal\/index.php\/wp-json\/wp\/v2\/media\/21248"}],"wp:attachment":[{"href":"https:\/\/dgospel.com.br\/portal\/index.php\/wp-json\/wp\/v2\/media?parent=21247"}],"wp:term":[{"taxonomy":"category","embeddable":true,"href":"https:\/\/dgospel.com.br\/portal\/index.php\/wp-json\/wp\/v2\/categories?post=21247"},{"taxonomy":"post_tag","embeddable":true,"href":"https:\/\/dgospel.com.br\/portal\/index.php\/wp-json\/wp\/v2\/tags?post=21247"}],"curies":[{"name":"wp","href":"https:\/\/api.w.org\/{rel}","templated":true}]}}