{"id":21262,"date":"2025-01-10T16:10:57","date_gmt":"2025-01-10T19:10:57","guid":{"rendered":"https:\/\/dgospel.com.br\/portal\/?p=21262"},"modified":"2025-01-10T16:10:58","modified_gmt":"2025-01-10T19:10:58","slug":"missao-alcanca-ribeirinhos-em-marajo-e-testemunha-salvacoes-e-batismo-jesus-esta-aqui","status":"publish","type":"post","link":"https:\/\/dgospel.com.br\/portal\/index.php\/2025\/01\/10\/missao-alcanca-ribeirinhos-em-marajo-e-testemunha-salvacoes-e-batismo-jesus-esta-aqui\/","title":{"rendered":"Miss\u00e3o alcan\u00e7a ribeirinhos em Maraj\u00f3 e testemunha salva\u00e7\u00f5es e batismo: \u2018Jesus est\u00e1 aqui\u2019"},"content":{"rendered":"\n<p>Durante uma viagem mission\u00e1ria \u00e0&nbsp;<a href=\"https:\/\/www.guiame.com.br\/busca?termo=Maraj%C3%B3\"><strong>Maraj\u00f3<\/strong><\/a>, uma ilha no Par\u00e1, volunt\u00e1rios da \u201cMinha Miss\u00e3o\u201d est\u00e3o pregando Jesus para os ribeirinhos atrav\u00e9s de diversas atividades. Na regi\u00e3o, eles tamb\u00e9m realizaram batismos e testemunharam o poder de Deus.<\/p>\n\n\n\n<p><a href=\"https:\/\/guiame.com.br\/tudo-sobre?tag=Guilherme+Batista\"><strong>Guilherme Batista<\/strong><\/a>, l\u00edder da miss\u00e3o, reuniu volunt\u00e1rios em uma expedi\u00e7\u00e3o que iniciou dia 03 de janeiro e ir\u00e1 at\u00e9 o dia 11, em Maraj\u00f3.<\/p>\n\n\n\n<p>A Ilha \u00e9 marcada pela falta de desenvolvimento, educa\u00e7\u00e3o, sa\u00fade e, consequentemente, muita mis\u00e9ria. Al\u00e9m disso, h\u00e1 diversas den\u00fancias sobre a explora\u00e7\u00e3o sexual e tr\u00e1fico de crian\u00e7as na regi\u00e3o.<\/p>\n\n\n\n<p>Ao som de \u201cPorque Ele Vive\u201d, mais de 100 volunt\u00e1rios partiram a caminho da ilha. \u201cVamos dedicar os primeiros dias do ano ao servi\u00e7o de Jesus\u201d, compartilhou a miss\u00e3o no Instagram.https:\/\/www.instagram.com\/reel\/DEYf5xpvfjJ\/embed\/?cr=1&amp;v=14&amp;wp=540&amp;rd=https%3A%2F%2Fguiame.com.br&amp;rp=%2Fgospel%2Fmissoes-acao-social%2Fmissao-alcanca-ribeirinhos-em-marajo-e-testemunha-salvacoes-e-batismo-jesus-esta-aqui.html#%7B%22ci%22%3A0%2C%22os%22%3A334710.2999997139%2C%22ls%22%3A334011.69999980927%2C%22le%22%3A334685.89999961853%7D<\/p>\n\n\n\n<p>\u201cJesus ama o Maraj\u00f3. Durante os pr\u00f3ximos dias estaremos entregando tudo com amor e alegria na Ilha do Maraj\u00f3 nas cidades de Melga\u00e7o e Camarapi. Orem por n\u00f3s\u201d, declarou Guilherme.<\/p>\n\n\n\n<p>Segundo a volunt\u00e1ria Luana Martins, a equipe passou 18 horas no barco at\u00e9 chegar ao destino: \u201cJesus vai at\u00e9 onde for preciso, e eu estou disposta a ser a ferramenta atrav\u00e9s da qual Ele chega. Que a minha vida seja um reflexo do Seu amor infinito, alcan\u00e7ando aqueles mais improv\u00e1veis\u201d.<\/p>\n\n\n\n<p><strong>Atividades evangel\u00edsticas<\/strong><\/p>\n\n\n\n<p>No primeiro dia em Melga\u00e7o, a equipe participou de um semin\u00e1rio mission\u00e1rio e uma din\u00e2mica com os grupos. \u00c0 noite, eles realizaram o primeiro culto na base humanit\u00e1ria da Assembleia de Deus.<\/p>\n\n\n\n<p>\u201cFoi extraordin\u00e1rio, teve salva\u00e7\u00e3o aqui neste lugar e isso \u00e9 muito precioso\u201d, contou Guilherme.<\/p>\n\n\n\n<p>Na \u00faltima segunda-feira (6), a miss\u00e3o compartilhou imagens de uma mulher que foi batizada no rio: \u201cQue dia foi esse? Centenas de pessoas foram impactadas pelos nossos mission\u00e1rios em suas casas. Houve batismo, salva\u00e7\u00e3o, reconcilia\u00e7\u00e3o e muito mais, foi incr\u00edvel\u201d.<\/p>\n\n\n\n<p>Em diversos v\u00eddeos, volunt\u00e1rios mostraram a precariedade das casas e a necessidade das fam\u00edlias em serem alcan\u00e7adas pelo Evangelho. No local, eles tamb\u00e9m fizeram evangelismos de rua e visitas nas casas.&nbsp;<\/p>\n\n\n\n<p>Durante as visitas, eles distribu\u00edram cestas b\u00e1sicas e auxiliaram nas necessidades da comunidade.<\/p>\n\n\n\n<p>Na casa de uma idosa chamada Dejanira, uma equipe restaurou a fachada e consertou o acesso \u00e0 entrada para proporcionar mais seguran\u00e7a \u00e0 idosa.<\/p>\n\n\n\n<p>Durante as visitas \u00e0s fam\u00edlias no Maraj\u00f3, o l\u00edder Abner Paix\u00e3o contou: \u201cEncontramos seu Ant\u00f4nio com 91 anos de idade servindo ao Senhor, compositor de v\u00e1rias can\u00e7\u00f5es\u201d.<\/p>\n\n\n\n<p><strong>Evangelismo infantil<\/strong><\/p>\n\n\n\n<p>No \u00faltimo domingo (05), Guilherme mostrou que centenas de crian\u00e7as participaram de uma a\u00e7\u00e3o evangel\u00edstica, onde foram distribu\u00eddas camisetas para todas elas.<\/p>\n\n\n\n<p>\u201cComo explicar o que Jesus tem feito em nossas cruzadas para crian\u00e7as? Multid\u00e3o de crian\u00e7as entregando suas vidas para Jesus e a mensagem do Evangelho sendo pregada\u201d, relatou Guilherme.<\/p>\n\n\n\n<p>Em outra atividade, a equipe levou um homem vestido de Jesus em um barco para distribuir presentes para as crian\u00e7as.<\/p>\n\n\n\n<p>\u201cComo seria receber uma visita especial de Jesus assim? Durante nossos evangelismos e visitas \u00e0s casas nas regi\u00f5es ribeirinhas, decidimos levar de uma forma linda Jesus para visitar a casa de muitas fam\u00edlias que tivessem muitas crian\u00e7as em casa, levando ora\u00e7\u00e3o, Palavra do c\u00e9u e muitos brinquedos e abra\u00e7os para cada lar. Que experi\u00eancia incr\u00edvel\u201d.<\/p>\n\n\n\n<p>Em um v\u00eddeo, o pastor Arthur Nogueira compartilhou que quatro crian\u00e7as viajaram sozinhas em um barco para participar do culto \u201cCruzada Infantil\u201d: \u201cAqui tem cada cena que te faz refletir demais\u201d.<\/p>\n\n\n\n<p>A viagem ir\u00e1 at\u00e9 o dia 11 de janeiro e a equipe passar\u00e1 pela cidade de Camarapi. Os l\u00edderes pediram ora\u00e7\u00f5es enquanto os crist\u00e3os continuam avan\u00e7ando e apresentando Jesus para a comunidade.<\/p>\n\n\n\n<p><a href=\"https:\/\/www.instagram.com\/reel\/DEf3tXbvGdI\/?utm_source=ig_embed&amp;ig_rid=a655f3a8-f72f-4d46-9b8b-c307313914fc\">https:\/\/www.instagram.com\/reel\/DEf3tXbvGdI\/?utm_source=ig_embed&amp;ig_rid=a655f3a8-f72f-4d46-9b8b-c307313914fc<\/a><\/p>\n","protected":false},"excerpt":{"rendered":"<p>Durante uma viagem mission\u00e1ria \u00e0&nbsp;Maraj\u00f3, uma ilha no Par\u00e1, volunt\u00e1rios da \u201cMinha Miss\u00e3o\u201d est\u00e3o pregando Jesus para os ribeirinhos atrav\u00e9s de diversas atividades. Na regi\u00e3o, eles tamb\u00e9m realizaram batismos e testemunharam o poder de Deus. Guilherme Batista, l\u00edder da miss\u00e3o, reuniu volunt\u00e1rios em uma expedi\u00e7\u00e3o que iniciou dia 03 de janeiro e ir\u00e1 at\u00e9 o [&hellip;]<\/p>\n","protected":false},"author":2,"featured_media":21263,"comment_status":"open","ping_status":"open","sticky":false,"template":"","format":"standard","meta":[],"categories":[12,5],"tags":[],"_links":{"self":[{"href":"https:\/\/dgospel.com.br\/portal\/index.php\/wp-json\/wp\/v2\/posts\/21262"}],"collection":[{"href":"https:\/\/dgospel.com.br\/portal\/index.php\/wp-json\/wp\/v2\/posts"}],"about":[{"href":"https:\/\/dgospel.com.br\/portal\/index.php\/wp-json\/wp\/v2\/types\/post"}],"author":[{"embeddable":true,"href":"https:\/\/dgospel.com.br\/portal\/index.php\/wp-json\/wp\/v2\/users\/2"}],"replies":[{"embeddable":true,"href":"https:\/\/dgospel.com.br\/portal\/index.php\/wp-json\/wp\/v2\/comments?post=21262"}],"version-history":[{"count":1,"href":"https:\/\/dgospel.com.br\/portal\/index.php\/wp-json\/wp\/v2\/posts\/21262\/revisions"}],"predecessor-version":[{"id":21264,"href":"https:\/\/dgospel.com.br\/portal\/index.php\/wp-json\/wp\/v2\/posts\/21262\/revisions\/21264"}],"wp:featuredmedia":[{"embeddable":true,"href":"https:\/\/dgospel.com.br\/portal\/index.php\/wp-json\/wp\/v2\/media\/21263"}],"wp:attachment":[{"href":"https:\/\/dgospel.com.br\/portal\/index.php\/wp-json\/wp\/v2\/media?parent=21262"}],"wp:term":[{"taxonomy":"category","embeddable":true,"href":"https:\/\/dgospel.com.br\/portal\/index.php\/wp-json\/wp\/v2\/categories?post=21262"},{"taxonomy":"post_tag","embeddable":true,"href":"https:\/\/dgospel.com.br\/portal\/index.php\/wp-json\/wp\/v2\/tags?post=21262"}],"curies":[{"name":"wp","href":"https:\/\/api.w.org\/{rel}","templated":true}]}}