{"id":2127,"date":"2018-12-19T19:15:22","date_gmt":"2018-12-19T21:15:22","guid":{"rendered":"http:\/\/dgospel.com.br\/portal\/?p=2127"},"modified":"2018-12-19T19:15:22","modified_gmt":"2018-12-19T21:15:22","slug":"jovem-morre-atingido-por-raio-enquanto-participava-de-oracao-no-monte","status":"publish","type":"post","link":"https:\/\/dgospel.com.br\/portal\/index.php\/2018\/12\/19\/jovem-morre-atingido-por-raio-enquanto-participava-de-oracao-no-monte\/","title":{"rendered":"Jovem morre atingido por raio enquanto participava de ora\u00e7\u00e3o no monte"},"content":{"rendered":"<p>Um jovem de 20 anos morreu ap\u00f3s ser atingido por um raio enquanto participava de um grupo de ora\u00e7\u00e3o com familiares e amigos em um pasto, pr\u00f3ximo ao bairro \u00c1gua Branca II, em Avar\u00e9 (SP), na noite de ter\u00e7a-feira (18).<\/p>\n<p data-track-category=\"Link no Texto\" data-track-links=\"\">De acordo com o Corpo de Bombeiros, o comerciante Luan Vin\u00edcius Costa estava com outras 10 pessoas da igreja para orarem em um local que chamam de &#8220;monte&#8221;, quando come\u00e7ou a chover forte e uma descarga el\u00e9trica atingiu o rapaz.<\/p>\n<p data-track-category=\"Link no Texto\" data-track-links=\"\">&#8220;Come\u00e7ou a mudar o tempo. As pessoas tentaram fugir, mas sofreram a descarga e ca\u00edram no ch\u00e3o. Mas quem sofreu de maior porte foi o jovem&#8221;, diz o sargento FabiCrivelli \u00c1vila.<\/p>\n<p>Ainda segundo os bombeiros, o jovem foi socorrido e levado ao pronto-socorro, mas n\u00e3o resistiu aos ferimentos e morreu.<\/p>\n<p data-track-category=\"Link no Texto\" data-track-links=\"\">&#8220;Ele estava inconsciente e foi levado ao pronto-socorro. O m\u00e9dico plantonista constatou o \u00f3bito dele posteriormente. Ele estava inconsciente, n\u00e3o tinha pulso e sinais vitais&#8221;, afirma o sargento.<\/p>\n<p data-track-category=\"Link no Texto\" data-track-links=\"\">\n","protected":false},"excerpt":{"rendered":"<p>Um jovem de 20 anos morreu ap\u00f3s ser atingido por um raio enquanto participava de um grupo de ora\u00e7\u00e3o com familiares e amigos em um pasto, pr\u00f3ximo ao bairro \u00c1gua Branca II, em Avar\u00e9 (SP), na noite de ter\u00e7a-feira (18). De acordo com o Corpo de Bombeiros, o comerciante Luan Vin\u00edcius Costa estava com outras [&hellip;]<\/p>\n","protected":false},"author":2,"featured_media":2128,"comment_status":"open","ping_status":"open","sticky":false,"template":"","format":"standard","meta":[],"categories":[2,5],"tags":[],"_links":{"self":[{"href":"https:\/\/dgospel.com.br\/portal\/index.php\/wp-json\/wp\/v2\/posts\/2127"}],"collection":[{"href":"https:\/\/dgospel.com.br\/portal\/index.php\/wp-json\/wp\/v2\/posts"}],"about":[{"href":"https:\/\/dgospel.com.br\/portal\/index.php\/wp-json\/wp\/v2\/types\/post"}],"author":[{"embeddable":true,"href":"https:\/\/dgospel.com.br\/portal\/index.php\/wp-json\/wp\/v2\/users\/2"}],"replies":[{"embeddable":true,"href":"https:\/\/dgospel.com.br\/portal\/index.php\/wp-json\/wp\/v2\/comments?post=2127"}],"version-history":[{"count":1,"href":"https:\/\/dgospel.com.br\/portal\/index.php\/wp-json\/wp\/v2\/posts\/2127\/revisions"}],"predecessor-version":[{"id":2129,"href":"https:\/\/dgospel.com.br\/portal\/index.php\/wp-json\/wp\/v2\/posts\/2127\/revisions\/2129"}],"wp:featuredmedia":[{"embeddable":true,"href":"https:\/\/dgospel.com.br\/portal\/index.php\/wp-json\/wp\/v2\/media\/2128"}],"wp:attachment":[{"href":"https:\/\/dgospel.com.br\/portal\/index.php\/wp-json\/wp\/v2\/media?parent=2127"}],"wp:term":[{"taxonomy":"category","embeddable":true,"href":"https:\/\/dgospel.com.br\/portal\/index.php\/wp-json\/wp\/v2\/categories?post=2127"},{"taxonomy":"post_tag","embeddable":true,"href":"https:\/\/dgospel.com.br\/portal\/index.php\/wp-json\/wp\/v2\/tags?post=2127"}],"curies":[{"name":"wp","href":"https:\/\/api.w.org\/{rel}","templated":true}]}}