{"id":21271,"date":"2025-01-23T10:21:57","date_gmt":"2025-01-23T13:21:57","guid":{"rendered":"https:\/\/dgospel.com.br\/portal\/?p=21271"},"modified":"2025-01-23T10:21:58","modified_gmt":"2025-01-23T13:21:58","slug":"michelle-participara-da-maior-marcha-pro-vida-do-mundo","status":"publish","type":"post","link":"https:\/\/dgospel.com.br\/portal\/index.php\/2025\/01\/23\/michelle-participara-da-maior-marcha-pro-vida-do-mundo\/","title":{"rendered":"Michelle participar\u00e1 da maior marcha pr\u00f3-vida do mundo"},"content":{"rendered":"\n<p>A ex-primeira-dama Michelle Bolsonaro participar\u00e1 da tradicional Marcha Pela Vida, realizada sempre no m\u00eas de janeiro, em Washington, nos Estados Unidos. Neste ano, a edi\u00e7\u00e3o do movimento pr\u00f3-vida acontecer\u00e1 na pr\u00f3xima sexta-feira (24).<\/p>\n\n\n\n<p>Ferrenha defensora do direito \u00e0 vida, a presidente nacional do PL Mulher publicou em seu perfil no Instagram, na noite desta quarta-feira (22), uma contagem regressiva para o in\u00edcio do evento.<\/p>\n\n\n\n<figure class=\"wp-block-image\"><img src=\"https:\/\/static.cdn.pleno.news\/2025\/01\/Michelle-March-for-Life.png\" alt=\"\" class=\"wp-image-1450423\"\/><\/figure>\n\n\n\n<p>Michelle mant\u00e9m fixado no feed de seu perfil no Instagram um v\u00eddeo em que se posiciona contra o aborto, mais especificamente contra o m\u00e9todo chamado assistolia fetal, onde uma inje\u00e7\u00e3o de cloreto de pot\u00e1ssio \u00e9 aplicada no cora\u00e7\u00e3o da crian\u00e7a \u2013 de 22 semanas em diante, j\u00e1 formada \u2013 para que deixe de bater. A interven\u00e7\u00e3o \u00e9 extremamente dolorosa ao beb\u00ea.<\/p>\n\n\n\n<p>\u2013 A decis\u00e3o monocr\u00e1tica suspendeu a resolu\u00e7\u00e3o n\u00ba 2378 de 2024 do Conselho Federal de Medicina (CFM), a pedido do PSOL, e vale at\u00e9 que a a\u00e7\u00e3o seja julgada em plen\u00e1rio. Ou seja, at\u00e9 l\u00e1, a inje\u00e7\u00e3o letal, que provoca sofrimento e morte, poder\u00e1 ser usada contra beb\u00eas em gesta\u00e7\u00e3o \u2013 declarou a l\u00edder conservadora.<\/p>\n\n\n\n<p>Na ocasi\u00e3o, Michelle pediu a todos que se unissem em ora\u00e7\u00e3o \u201cpara que os julgadores ou\u00e7am o mandamento de Deus e, assim, revertam essa decis\u00e3o\u201d.<\/p>\n\n\n\n<p>Neste caso, a revoga\u00e7\u00e3o da resolu\u00e7\u00e3o do CFM foi uma decis\u00e3o monocr\u00e1tica do ministro Alexandre de Moraes, do Supremo Tribunal Federal (STF).<\/p>\n\n\n\n<blockquote class=\"wp-block-quote\"><p>&nbsp;Ver essa foto no Instagram<\/p><p>&nbsp;<\/p><p><a href=\"https:\/\/www.instagram.com\/reel\/C7lwv5POE9v\/?utm_source=ig_embed&amp;utm_campaign=loading\" target=\"_blank\" rel=\"noreferrer noopener\">Uma publica\u00e7\u00e3o compartilhada por Michelle Bolsonaro (@michellebolsonaro)<\/a><\/p><\/blockquote>\n\n\n\n<p><strong>MARCH FOR LIFE<br><\/strong>Nos \u00faltimos 52 anos, a Marcha pela Vida uniu coletivamente milh\u00f5es de americanos pr\u00f3-vida de todas as idades, origens, nacionalidades e f\u00e9s com um prop\u00f3sito comum: testemunhar a dignidade inerente e o valor de cada vida humana, especialmente aquelas amea\u00e7adas pelo aborto.<\/p>\n\n\n\n<p>A presen\u00e7a poderosa da Marcha na capital dos Estados Unidos todo m\u00eas de janeiro demonstrou a seriedade, convic\u00e7\u00e3o e perman\u00eancia do movimento. Tamb\u00e9m ajudou a educar os americanos sobre a beleza das vidas de crian\u00e7as n\u00e3o nascidas e suas m\u00e3es, de modo que a maioria dos americanos agora apoia prote\u00e7\u00f5es para a vida no \u00fatero, pelo menos at\u00e9 o momento em que um beb\u00ea pode sentir a dor de um aborto.<strong><\/strong><\/p>\n\n\n\n<p>\u2013 A comunidade pr\u00f3-vida lutou contra o avan\u00e7o da legisla\u00e7\u00e3o pr\u00f3-aborto implac\u00e1vel e radical, tanto em n\u00edvel estadual quanto federal; enfrentou tentativas de destruir e desacreditar centros de recursos pr\u00f3-vida para gravidez; e at\u00e9 mesmo lutou contra campanhas mortais de desinforma\u00e7\u00e3o relacionadas \u00e0s prote\u00e7\u00f5es pr\u00f3-vida estaduais \u2014 todas elas permitindo que o tratamento m\u00e9dico salve a vida de mulheres gr\u00e1vidas \u2013 destaca o movimento.<\/p>\n","protected":false},"excerpt":{"rendered":"<p>A ex-primeira-dama Michelle Bolsonaro participar\u00e1 da tradicional Marcha Pela Vida, realizada sempre no m\u00eas de janeiro, em Washington, nos Estados Unidos. Neste ano, a edi\u00e7\u00e3o do movimento pr\u00f3-vida acontecer\u00e1 na pr\u00f3xima sexta-feira (24). Ferrenha defensora do direito \u00e0 vida, a presidente nacional do PL Mulher publicou em seu perfil no Instagram, na noite desta quarta-feira [&hellip;]<\/p>\n","protected":false},"author":2,"featured_media":21272,"comment_status":"open","ping_status":"open","sticky":false,"template":"","format":"standard","meta":[],"categories":[4],"tags":[],"_links":{"self":[{"href":"https:\/\/dgospel.com.br\/portal\/index.php\/wp-json\/wp\/v2\/posts\/21271"}],"collection":[{"href":"https:\/\/dgospel.com.br\/portal\/index.php\/wp-json\/wp\/v2\/posts"}],"about":[{"href":"https:\/\/dgospel.com.br\/portal\/index.php\/wp-json\/wp\/v2\/types\/post"}],"author":[{"embeddable":true,"href":"https:\/\/dgospel.com.br\/portal\/index.php\/wp-json\/wp\/v2\/users\/2"}],"replies":[{"embeddable":true,"href":"https:\/\/dgospel.com.br\/portal\/index.php\/wp-json\/wp\/v2\/comments?post=21271"}],"version-history":[{"count":1,"href":"https:\/\/dgospel.com.br\/portal\/index.php\/wp-json\/wp\/v2\/posts\/21271\/revisions"}],"predecessor-version":[{"id":21273,"href":"https:\/\/dgospel.com.br\/portal\/index.php\/wp-json\/wp\/v2\/posts\/21271\/revisions\/21273"}],"wp:featuredmedia":[{"embeddable":true,"href":"https:\/\/dgospel.com.br\/portal\/index.php\/wp-json\/wp\/v2\/media\/21272"}],"wp:attachment":[{"href":"https:\/\/dgospel.com.br\/portal\/index.php\/wp-json\/wp\/v2\/media?parent=21271"}],"wp:term":[{"taxonomy":"category","embeddable":true,"href":"https:\/\/dgospel.com.br\/portal\/index.php\/wp-json\/wp\/v2\/categories?post=21271"},{"taxonomy":"post_tag","embeddable":true,"href":"https:\/\/dgospel.com.br\/portal\/index.php\/wp-json\/wp\/v2\/tags?post=21271"}],"curies":[{"name":"wp","href":"https:\/\/api.w.org\/{rel}","templated":true}]}}