{"id":21274,"date":"2025-01-23T10:27:00","date_gmt":"2025-01-23T13:27:00","guid":{"rendered":"https:\/\/dgospel.com.br\/portal\/?p=21274"},"modified":"2025-01-23T10:27:01","modified_gmt":"2025-01-23T13:27:01","slug":"prefeitura-de-palmas-convocara-mais-54-candidatos-do-cadastro-de-reserva-do-concurso-da-saude-anuncia-prefeito","status":"publish","type":"post","link":"https:\/\/dgospel.com.br\/portal\/index.php\/2025\/01\/23\/prefeitura-de-palmas-convocara-mais-54-candidatos-do-cadastro-de-reserva-do-concurso-da-saude-anuncia-prefeito\/","title":{"rendered":"Prefeitura de Palmas convocar\u00e1 mais 54 candidatos do cadastro de reserva do Concurso da Sa\u00fade, anuncia prefeito"},"content":{"rendered":"\n<p>Mais 54 candidatos do cadastro de reserva do concurso da Sa\u00fade de Palmas ser\u00e3o convocados para posse. O an\u00fancio foi feito na tarde desta quarta-feira, 22, pelo Prefeito Eduardo Siqueira e pela secret\u00e1ria municipal de Sa\u00fade, Dhieine Caminski, durante a 1\u00aa Reuni\u00e3o Ordin\u00e1ria do Conselho Municipal de Sa\u00fade (CMS) de 2025. O encontro tamb\u00e9m marcou a presen\u00e7a hist\u00f3rica do primeiro gestor da Capital a participar, em 30 anos, de uma reuni\u00e3o do Conselho.<br>&nbsp;<br>As convoca\u00e7\u00f5es contemplam m\u00e9dicos, enfermeiros, inspetores sanit\u00e1rios, assistentes sociais, odont\u00f3logos, psic\u00f3logos, agentes de vigil\u00e2ncia sanit\u00e1ria, agente de combate a endemias, biom\u00e9dico, farmac\u00eautico\/bioqu\u00edmico, fisioterapeuta e nutricionista.<br>&nbsp;<br>\u201cA entrada desses 54 candidatos do cadastro de reserva refor\u00e7ar\u00e1 a estrutura de atendimento das nossas unidades. \u00c9 um passo importante para garantir que as demandas da popula\u00e7\u00e3o sejam atendidas com efici\u00eancia e qualidade\u201d, defendeu a secret\u00e1ria ao enaltecer o papel do conselho como um espa\u00e7o democr\u00e1tico. \u201cO Conselho Municipal de Sa\u00fade \u00e9 um instrumento fundamental para a gest\u00e3o, ouvir as necessidades da popula\u00e7\u00e3o, prestar contas e debater a\u00e7\u00f5es que impactam diretamente a vida dos cidad\u00e3os\u201d, completou.<\/p>\n\n\n\n<p>O prefeito enfatizou a relev\u00e2ncia do conselho como espa\u00e7o de constru\u00e7\u00e3o coletiva e garantiu que estar\u00e1 presente em todas as reuni\u00f5es do CMS. \u201cS\u00e3o defensores que acreditam e trabalham pelo SUS\u201d, enalteceu a garantir que a sa\u00fade de Palmas passar\u00e1 por uma transforma\u00e7\u00e3o hist\u00f3rica em prol do bem-estar de cada palmense.<\/p>\n\n\n\n<p><strong>Conselheiros<\/strong><\/p>\n\n\n\n<p>Ainda durante a reuni\u00e3o, Eduardo Siqueira&nbsp;respondeu a questionamentos de conselheiros e abriu as portas da Prefeitura para o di\u00e1logo. \u201cVamos reativar a mesa de negocia\u00e7\u00f5es para discutir, democraticamente, com entidades de classe quest\u00f5es relacionadas \u00e0 carreira e condi\u00e7\u00f5es de trabalho\u201d. O gestor tamb\u00e9m destacou o empenho da gest\u00e3o em fechar a torneira do preju\u00edzo, em garantir o abastecimento de medicamentos e insumos.<\/p>\n\n\n\n<p>Tamb\u00e9m estiveram presentes no encontro o secret\u00e1rio de Administra\u00e7\u00e3o e Moderniza\u00e7\u00e3o, Cleison Nunes; o presidente do CMS, Ant\u00f4nio Grangeiro Saraiva; os promotores de Justi\u00e7a, Ariana Ces\u00e1ria e Thiago Ribeiro; o superintendente do Minist\u00e9rio da Sa\u00fade, Relmivan Milhomem, entre outros convidados.<\/p>\n\n\n\n<p><strong>Por\u00a0<\/strong>Fernanda Mendon\u00e7a\/ Semus<\/p>\n","protected":false},"excerpt":{"rendered":"<p>Mais 54 candidatos do cadastro de reserva do concurso da Sa\u00fade de Palmas ser\u00e3o convocados para posse. O an\u00fancio foi feito na tarde desta quarta-feira, 22, pelo Prefeito Eduardo Siqueira e pela secret\u00e1ria municipal de Sa\u00fade, Dhieine Caminski, durante a 1\u00aa Reuni\u00e3o Ordin\u00e1ria do Conselho Municipal de Sa\u00fade (CMS) de 2025. O encontro tamb\u00e9m marcou [&hellip;]<\/p>\n","protected":false},"author":2,"featured_media":21275,"comment_status":"open","ping_status":"open","sticky":false,"template":"","format":"standard","meta":[],"categories":[3],"tags":[13],"_links":{"self":[{"href":"https:\/\/dgospel.com.br\/portal\/index.php\/wp-json\/wp\/v2\/posts\/21274"}],"collection":[{"href":"https:\/\/dgospel.com.br\/portal\/index.php\/wp-json\/wp\/v2\/posts"}],"about":[{"href":"https:\/\/dgospel.com.br\/portal\/index.php\/wp-json\/wp\/v2\/types\/post"}],"author":[{"embeddable":true,"href":"https:\/\/dgospel.com.br\/portal\/index.php\/wp-json\/wp\/v2\/users\/2"}],"replies":[{"embeddable":true,"href":"https:\/\/dgospel.com.br\/portal\/index.php\/wp-json\/wp\/v2\/comments?post=21274"}],"version-history":[{"count":1,"href":"https:\/\/dgospel.com.br\/portal\/index.php\/wp-json\/wp\/v2\/posts\/21274\/revisions"}],"predecessor-version":[{"id":21276,"href":"https:\/\/dgospel.com.br\/portal\/index.php\/wp-json\/wp\/v2\/posts\/21274\/revisions\/21276"}],"wp:featuredmedia":[{"embeddable":true,"href":"https:\/\/dgospel.com.br\/portal\/index.php\/wp-json\/wp\/v2\/media\/21275"}],"wp:attachment":[{"href":"https:\/\/dgospel.com.br\/portal\/index.php\/wp-json\/wp\/v2\/media?parent=21274"}],"wp:term":[{"taxonomy":"category","embeddable":true,"href":"https:\/\/dgospel.com.br\/portal\/index.php\/wp-json\/wp\/v2\/categories?post=21274"},{"taxonomy":"post_tag","embeddable":true,"href":"https:\/\/dgospel.com.br\/portal\/index.php\/wp-json\/wp\/v2\/tags?post=21274"}],"curies":[{"name":"wp","href":"https:\/\/api.w.org\/{rel}","templated":true}]}}