{"id":21283,"date":"2025-01-28T10:25:55","date_gmt":"2025-01-28T13:25:55","guid":{"rendered":"https:\/\/dgospel.com.br\/portal\/?p=21283"},"modified":"2025-01-28T10:25:56","modified_gmt":"2025-01-28T13:25:56","slug":"leo-barbosa-solicita-ao-governo-do-to-a-criacao-de-espaco-para-politicas-publicas-de-cuidado-e-protecao-animal","status":"publish","type":"post","link":"https:\/\/dgospel.com.br\/portal\/index.php\/2025\/01\/28\/leo-barbosa-solicita-ao-governo-do-to-a-criacao-de-espaco-para-politicas-publicas-de-cuidado-e-protecao-animal\/","title":{"rendered":"L\u00e9o Barbosa solicita ao Governo do TO a cria\u00e7\u00e3o de espa\u00e7o para pol\u00edticas p\u00fablicas de Cuidado e Prote\u00e7\u00e3o Animal"},"content":{"rendered":"\n<p>O deputado estadual L\u00e9o Barbosa (Republicanos) solicitou ao Governo do Tocantins a cria\u00e7\u00e3o de um espa\u00e7o exclusivo na estrutura governamental para o desenvolvimento de pol\u00edticas p\u00fablicas voltadas para o&nbsp;Cuidado e Prote\u00e7\u00e3o Animal.&nbsp;<\/p>\n\n\n\n<p>Em sua proposta, Barbosa destacou a urg\u00eancia da implementa\u00e7\u00e3o de a\u00e7\u00f5es voltadas ao bem-estar dos animais, que, segundo ele, \u00e9 uma pauta cada vez mais necess\u00e1ria e atual. O objetivo \u00e9 criar uma estrutura que possa coordenar a\u00e7\u00f5es de prote\u00e7\u00e3o, controle e conscientiza\u00e7\u00e3o sobre os direitos dos animais no estado.<\/p>\n\n\n\n<p>&#8220;Esta \u00e9 uma pauta de grande relev\u00e2ncia. A cria\u00e7\u00e3o dessa estrutura \u00e9 um passo fundamental para o avan\u00e7o das pol\u00edticas p\u00fablicas na \u00e1rea de prote\u00e7\u00e3o animal e conto com a sensibilidade do governador Wanderlei para que a gente possa trabalhar neste sentido&#8221;, afirmou o deputado.<\/p>\n\n\n\n<p>O parlamentar ressaltou que&nbsp; o governo poderia trabalhar de forma integrada com ONGs e outras institui\u00e7\u00f5es que defendem a causa, al\u00e9m de desenvolver programas de conscientiza\u00e7\u00e3o nas escolas sobre o respeito e a responsabilidade no trato com os animais.&nbsp;<\/p>\n\n\n\n<p>A pedido do deputado L\u00e9o Barbosa, o Governo do Tocantins criou em 2023 a Superintend\u00eancia da Rede de Cuidados \u00e0 Pessoa com Defici\u00eancia, uma importante conquista para a inclus\u00e3o e a garantia de direitos no estado. Agora, o parlamentar direciona sua atua\u00e7\u00e3o para mais uma causa de relev\u00e2ncia social: a defesa dos animais. Com a proposta da cria\u00e7\u00e3o deste novo espa\u00e7o, L\u00e9o busca expandir o compromisso do Tocantins com as pautas de bem-estar social.&nbsp;<\/p>\n","protected":false},"excerpt":{"rendered":"<p>O deputado estadual L\u00e9o Barbosa (Republicanos) solicitou ao Governo do Tocantins a cria\u00e7\u00e3o de um espa\u00e7o exclusivo na estrutura governamental para o desenvolvimento de pol\u00edticas p\u00fablicas voltadas para o&nbsp;Cuidado e Prote\u00e7\u00e3o Animal.&nbsp; Em sua proposta, Barbosa destacou a urg\u00eancia da implementa\u00e7\u00e3o de a\u00e7\u00f5es voltadas ao bem-estar dos animais, que, segundo ele, \u00e9 uma pauta cada [&hellip;]<\/p>\n","protected":false},"author":2,"featured_media":21284,"comment_status":"open","ping_status":"open","sticky":false,"template":"","format":"standard","meta":[],"categories":[8],"tags":[],"_links":{"self":[{"href":"https:\/\/dgospel.com.br\/portal\/index.php\/wp-json\/wp\/v2\/posts\/21283"}],"collection":[{"href":"https:\/\/dgospel.com.br\/portal\/index.php\/wp-json\/wp\/v2\/posts"}],"about":[{"href":"https:\/\/dgospel.com.br\/portal\/index.php\/wp-json\/wp\/v2\/types\/post"}],"author":[{"embeddable":true,"href":"https:\/\/dgospel.com.br\/portal\/index.php\/wp-json\/wp\/v2\/users\/2"}],"replies":[{"embeddable":true,"href":"https:\/\/dgospel.com.br\/portal\/index.php\/wp-json\/wp\/v2\/comments?post=21283"}],"version-history":[{"count":1,"href":"https:\/\/dgospel.com.br\/portal\/index.php\/wp-json\/wp\/v2\/posts\/21283\/revisions"}],"predecessor-version":[{"id":21285,"href":"https:\/\/dgospel.com.br\/portal\/index.php\/wp-json\/wp\/v2\/posts\/21283\/revisions\/21285"}],"wp:featuredmedia":[{"embeddable":true,"href":"https:\/\/dgospel.com.br\/portal\/index.php\/wp-json\/wp\/v2\/media\/21284"}],"wp:attachment":[{"href":"https:\/\/dgospel.com.br\/portal\/index.php\/wp-json\/wp\/v2\/media?parent=21283"}],"wp:term":[{"taxonomy":"category","embeddable":true,"href":"https:\/\/dgospel.com.br\/portal\/index.php\/wp-json\/wp\/v2\/categories?post=21283"},{"taxonomy":"post_tag","embeddable":true,"href":"https:\/\/dgospel.com.br\/portal\/index.php\/wp-json\/wp\/v2\/tags?post=21283"}],"curies":[{"name":"wp","href":"https:\/\/api.w.org\/{rel}","templated":true}]}}