{"id":21286,"date":"2025-01-28T10:27:47","date_gmt":"2025-01-28T13:27:47","guid":{"rendered":"https:\/\/dgospel.com.br\/portal\/?p=21286"},"modified":"2025-01-28T10:27:48","modified_gmt":"2025-01-28T13:27:48","slug":"cia-ve-como-provavel-que-covid-tenha-surgido-em-laboratorio","status":"publish","type":"post","link":"https:\/\/dgospel.com.br\/portal\/index.php\/2025\/01\/28\/cia-ve-como-provavel-que-covid-tenha-surgido-em-laboratorio\/","title":{"rendered":"CIA v\u00ea como \u201cprov\u00e1vel\u201d que Covid tenha surgido em laborat\u00f3rio"},"content":{"rendered":"\n<p>Um relat\u00f3rio da Ag\u00eancia Central de Intelig\u00eancia dos Estados Unidos (CIA) elaborado durante o governo de Joe Biden e publicado, a pedido do Congresso dos Estados Unidos, pelo novo diretor da organiza\u00e7\u00e3o, John Ratcliffe, apontou como \u201cmais prov\u00e1vel\u201d a hip\u00f3tese de que \u201ca pandemia da Covid-19 tenha uma origem relacionada com pesquisa e n\u00e3o uma origem natural\u201d.<\/p>\n\n\n\n<p>\u2013 Com base no conjunto de relat\u00f3rios dispon\u00edveis, a CIA avalia com baixa confian\u00e7a que uma origem relacionada \u00e0 pesquisa da pandemia de Covid-19 \u00e9 mais prov\u00e1vel do que uma origem natural \u2013 disse um porta-voz da ag\u00eancia, em um comunicado.<\/p>\n\n\n\n<p>Apesar de ter baixa confian\u00e7a, o documento indica uma mudan\u00e7a na vis\u00e3o da CIA em rela\u00e7\u00e3o \u00e0 posi\u00e7\u00e3o anterior da ag\u00eancia, que considerava tanto a origem de laborat\u00f3rio quanto a natural como poss\u00edveis. O novo posicionamento tamb\u00e9m se alinha ao do FBI e ao do Departamento de Energia, que afirmam que o v\u00edrus provavelmente se originou em um laborat\u00f3rio em Wuhan, na China.<\/p>\n\n\n\n<p>John Ratcliffe, indicado por Trump que assumiu a dire\u00e7\u00e3o da CIA no \u00faltimo dia 23 de janeiro, declarou ao site Breitbart que investigar a origem da pandemia de Covid-19 \u00e9 uma prioridade e que a intelig\u00eancia americana, de fato, indica que o v\u00edrus teria vazado de um laborat\u00f3rio chin\u00eas.<\/p>\n\n\n\n<p>\u2013 Nossa intelig\u00eancia, ci\u00eancia e bom senso realmente indicam que a origem da Covid foi um vazamento no Instituto de Virologia de Wuhan \u2013 completou.<\/p>\n","protected":false},"excerpt":{"rendered":"<p>Um relat\u00f3rio da Ag\u00eancia Central de Intelig\u00eancia dos Estados Unidos (CIA) elaborado durante o governo de Joe Biden e publicado, a pedido do Congresso dos Estados Unidos, pelo novo diretor da organiza\u00e7\u00e3o, John Ratcliffe, apontou como \u201cmais prov\u00e1vel\u201d a hip\u00f3tese de que \u201ca pandemia da Covid-19 tenha uma origem relacionada com pesquisa e n\u00e3o uma [&hellip;]<\/p>\n","protected":false},"author":2,"featured_media":21287,"comment_status":"open","ping_status":"open","sticky":false,"template":"","format":"standard","meta":[],"categories":[12,16],"tags":[],"_links":{"self":[{"href":"https:\/\/dgospel.com.br\/portal\/index.php\/wp-json\/wp\/v2\/posts\/21286"}],"collection":[{"href":"https:\/\/dgospel.com.br\/portal\/index.php\/wp-json\/wp\/v2\/posts"}],"about":[{"href":"https:\/\/dgospel.com.br\/portal\/index.php\/wp-json\/wp\/v2\/types\/post"}],"author":[{"embeddable":true,"href":"https:\/\/dgospel.com.br\/portal\/index.php\/wp-json\/wp\/v2\/users\/2"}],"replies":[{"embeddable":true,"href":"https:\/\/dgospel.com.br\/portal\/index.php\/wp-json\/wp\/v2\/comments?post=21286"}],"version-history":[{"count":1,"href":"https:\/\/dgospel.com.br\/portal\/index.php\/wp-json\/wp\/v2\/posts\/21286\/revisions"}],"predecessor-version":[{"id":21288,"href":"https:\/\/dgospel.com.br\/portal\/index.php\/wp-json\/wp\/v2\/posts\/21286\/revisions\/21288"}],"wp:featuredmedia":[{"embeddable":true,"href":"https:\/\/dgospel.com.br\/portal\/index.php\/wp-json\/wp\/v2\/media\/21287"}],"wp:attachment":[{"href":"https:\/\/dgospel.com.br\/portal\/index.php\/wp-json\/wp\/v2\/media?parent=21286"}],"wp:term":[{"taxonomy":"category","embeddable":true,"href":"https:\/\/dgospel.com.br\/portal\/index.php\/wp-json\/wp\/v2\/categories?post=21286"},{"taxonomy":"post_tag","embeddable":true,"href":"https:\/\/dgospel.com.br\/portal\/index.php\/wp-json\/wp\/v2\/tags?post=21286"}],"curies":[{"name":"wp","href":"https:\/\/api.w.org\/{rel}","templated":true}]}}