{"id":21292,"date":"2025-01-29T10:07:24","date_gmt":"2025-01-29T13:07:24","guid":{"rendered":"https:\/\/dgospel.com.br\/portal\/?p=21292"},"modified":"2025-01-29T10:07:25","modified_gmt":"2025-01-29T13:07:25","slug":"apos-um-mes-de-passe-livre-cobranca-da-tarifa-sera-retomada-a-partir-de-segunda-feira-3","status":"publish","type":"post","link":"https:\/\/dgospel.com.br\/portal\/index.php\/2025\/01\/29\/apos-um-mes-de-passe-livre-cobranca-da-tarifa-sera-retomada-a-partir-de-segunda-feira-3\/","title":{"rendered":"Ap\u00f3s um m\u00eas de passe livre, cobran\u00e7a da tarifa ser\u00e1 retomada a partir de segunda-feira, 3"},"content":{"rendered":"\n<p>A cobran\u00e7a da tarifa do transporte p\u00fablico de Palmas, no valor de R$ 3,85, ser\u00e1 retomada, a partir de segunda-feira, 3, depois que a Prefeitura de Palmas, por meio da Ag\u00eancia de Transporte Coletivo de Palmas (ATCP), manteve o servi\u00e7o gratuito para os usu\u00e1rios durante todo o m\u00eas de janeiro.<\/p>\n\n\n\n<p>O retorno da cobran\u00e7a j\u00e1 estava previsto, lembrando que a gratuidade na tarifa do transporte foi uma medida para reorganiza\u00e7\u00e3o e reestrutura\u00e7\u00e3o do servi\u00e7o depois da revoga\u00e7\u00e3o da Portaria N.\u00ba 47, de 26 de dezembro de 2024, que limitava o pagamento do transporte coletivo urbano da Capital exclusivamente por meio da carteirinha.<\/p>\n\n\n\n<p>O presidente da ATCP, Walace Pimentel, ressalta que a gest\u00e3o municipal est\u00e1 comprometida com a implementa\u00e7\u00e3o de um transporte p\u00fablico mais acess\u00edvel, seguro e confort\u00e1vel para todos os cidad\u00e3os. Dentre as medidas est\u00e1 o processo licitat\u00f3rio \u2013 na modalidade concorr\u00eancia p\u00fablica &#8211; para concess\u00e3o do servi\u00e7o na Capital, autorizado no come\u00e7o de janeiro, e que j\u00e1 est\u00e1 em andamento. &nbsp;<\/p>\n\n\n\n<p>Segundo o presidente, todos os esfor\u00e7os est\u00e3o sendo feitos para garantir a qualidade do servi\u00e7o. \u201cN\u00e3o \u00e9 ainda o que a gest\u00e3o espera para o transporte coletivo de Palmas, mas estamos trabalhando no edital de licita\u00e7\u00e3o para que, em breve, assuma uma empresa que tenha experi\u00eancia operacional\u201d, diz, complementando que a opera\u00e7\u00e3o atual n\u00e3o \u00e9 vantajosa e reflete na qualidade do servi\u00e7o prestado ao cidad\u00e3o.&nbsp;<\/p>\n\n\n\n<p>O presidente lembra ainda que o pagamento da tarifa n\u00e3o ser\u00e1 limitado somente \u00e0 carteirinha, podendo ser feito tamb\u00e9m com dinheiro.&nbsp;<\/p>\n","protected":false},"excerpt":{"rendered":"<p>A cobran\u00e7a da tarifa do transporte p\u00fablico de Palmas, no valor de R$ 3,85, ser\u00e1 retomada, a partir de segunda-feira, 3, depois que a Prefeitura de Palmas, por meio da Ag\u00eancia de Transporte Coletivo de Palmas (ATCP), manteve o servi\u00e7o gratuito para os usu\u00e1rios durante todo o m\u00eas de janeiro. O retorno da cobran\u00e7a j\u00e1 [&hellip;]<\/p>\n","protected":false},"author":2,"featured_media":21293,"comment_status":"open","ping_status":"open","sticky":false,"template":"","format":"standard","meta":[],"categories":[3],"tags":[13],"_links":{"self":[{"href":"https:\/\/dgospel.com.br\/portal\/index.php\/wp-json\/wp\/v2\/posts\/21292"}],"collection":[{"href":"https:\/\/dgospel.com.br\/portal\/index.php\/wp-json\/wp\/v2\/posts"}],"about":[{"href":"https:\/\/dgospel.com.br\/portal\/index.php\/wp-json\/wp\/v2\/types\/post"}],"author":[{"embeddable":true,"href":"https:\/\/dgospel.com.br\/portal\/index.php\/wp-json\/wp\/v2\/users\/2"}],"replies":[{"embeddable":true,"href":"https:\/\/dgospel.com.br\/portal\/index.php\/wp-json\/wp\/v2\/comments?post=21292"}],"version-history":[{"count":1,"href":"https:\/\/dgospel.com.br\/portal\/index.php\/wp-json\/wp\/v2\/posts\/21292\/revisions"}],"predecessor-version":[{"id":21294,"href":"https:\/\/dgospel.com.br\/portal\/index.php\/wp-json\/wp\/v2\/posts\/21292\/revisions\/21294"}],"wp:featuredmedia":[{"embeddable":true,"href":"https:\/\/dgospel.com.br\/portal\/index.php\/wp-json\/wp\/v2\/media\/21293"}],"wp:attachment":[{"href":"https:\/\/dgospel.com.br\/portal\/index.php\/wp-json\/wp\/v2\/media?parent=21292"}],"wp:term":[{"taxonomy":"category","embeddable":true,"href":"https:\/\/dgospel.com.br\/portal\/index.php\/wp-json\/wp\/v2\/categories?post=21292"},{"taxonomy":"post_tag","embeddable":true,"href":"https:\/\/dgospel.com.br\/portal\/index.php\/wp-json\/wp\/v2\/tags?post=21292"}],"curies":[{"name":"wp","href":"https:\/\/api.w.org\/{rel}","templated":true}]}}