{"id":213,"date":"2018-05-17T15:27:07","date_gmt":"2018-05-17T18:27:07","guid":{"rendered":"http:\/\/dgospel.com.br\/portal\/?p=213"},"modified":"2018-05-17T15:27:07","modified_gmt":"2018-05-17T18:27:07","slug":"mauro-carlesse-recebe-importante-apoio-do-prefeito-de-tocantinopolis","status":"publish","type":"post","link":"https:\/\/dgospel.com.br\/portal\/index.php\/2018\/05\/17\/mauro-carlesse-recebe-importante-apoio-do-prefeito-de-tocantinopolis\/","title":{"rendered":"Mauro Carlesse recebe importante apoio do prefeito de Tocantin\u00f3polis"},"content":{"rendered":"<p style=\"font-weight: 400;\">O governador interino e candidato ao Governo do Estado Mauro Carlesse, da coliga\u00e7\u00e3o Governo de Atitude, conquistou importante refor\u00e7o para sua campanha na regi\u00e3o norte. O apoio do deputado estadual Jos\u00e9 Bonif\u00e1cio (PR) e do prefeito do munic\u00edpio, Paulo Gomes (PSDB), foi refor\u00e7ado na noite dessa quarta-feira, 16, durante uma grande reuni\u00e3o com a comunidade, realizada na Rua Gaspar Dutra, no Bairro Alto Bonito.<\/p>\n<p style=\"font-weight: 400;\">Ao abrir os discursos no encontro, Paulinho Gomes apontou o comprometimento de Mauro Carlesse com os munic\u00edpios. &#8220;Voc\u00ea \u00e9 homem de fazer, n\u00e3o de ficar falando. Hoje renasceu a esperan\u00e7a do povo de Tocantin\u00f3polis. Hoje eu sou 31 porque acredito no seu projeto e, como prefeito, pe\u00e7o o voto, a gratid\u00e3o e o reconhecimento ao Mauro Carlesse, porque ele j\u00e1 est\u00e1 trazendo grandes benef\u00edcios para a nossa regi\u00e3o&#8221;, destacou o gestor municipal.<\/p>\n<p style=\"font-weight: 400;\">Segundo ele, a escolha por Carlesse se deu por acreditar que ele \u00e9 o candidato capaz de melhorar o Tocantins. &#8220;Eu acredito, Mauro Carlesse, pode ter certeza. Tomamos a decis\u00e3o certa porque acreditamos no Tocantins. O Estado n\u00e3o pode ficar como est\u00e1. N\u00f3s prefeitos sofremos muito, mas aqui est\u00e1 a solu\u00e7\u00e3o, e \u00e9 por isso que hoje somos 31. Eu sou 31 porque acredito na retomada das obras e acredito no projeto do governador Mauro Carlesse&#8221;.<\/p>\n<p style=\"font-weight: 400;\">O prefeito e o deputado apontaram a\u00e7\u00f5es que a gest\u00e3o municipalista de Carlesse vem adotando em benef\u00edcio de Tocantin\u00f3polis e cidades do entorno, como as obras da TO-126 (entre Tocantin\u00f3polis e Ribeir\u00e3o Grande) e a autoriza\u00e7\u00e3o dada pelo governador para realiza\u00e7\u00e3o dos estudos de viabilidade para a estadualiza\u00e7\u00e3o do Hospital Regional de Tocantin\u00f3polis.<\/p>\n<p style=\"font-weight: 400;\">&#8220;Eu, j\u00e1 no final da minha vida p\u00fablica, estou vendo que os sacrif\u00edcios que eu esperava que nem vencessem mais est\u00e3o se realizando no momento exato pelas m\u00e3os de um homem determinado por Deus, que veio assumir as r\u00e9deas desse Estado&#8221;, relatou Bonif\u00e1cio, pedindo empenho dos eleitores de Tocantin\u00f3polis e regi\u00e3o para eleger Mauro Carlesse no dia 3 de junho, na elei\u00e7\u00e3o suplementar.<\/p>\n<p style=\"font-weight: 400;\">Jos\u00e9 Bonif\u00e1cio tamb\u00e9m lembrou que a preocupa\u00e7\u00e3o de Carlesse em melhorar a situa\u00e7\u00e3o dos munic\u00edpios vem desde o seu mandato de deputado estadual, quando destinava, por meio de emendas parlamentares, recursos para atender os munic\u00edpios em todas as \u00e1reas, como sa\u00fade, educa\u00e7\u00e3o, infraestrutura.<\/p>\n<p style=\"font-weight: 400;\">A falta de compromisso de gestores passados com os munic\u00edpios tamb\u00e9m foi destaque no discurso do deputado. &#8220;Este Estado se consolidou em n\u00e3o cumprir as leis. O Estado foi perdul\u00e1rio, tirou o ICMS, n\u00e3o pagou o dinheiro da sa\u00fade e os munic\u00edpios est\u00e3o penando e assumindo a desordem que o Estado instalou. O Mauro Carlesse, com um Governo de atitude, est\u00e1 corrigindo isso&#8221;, concluiu Bonif\u00e1cio.<\/p>\n","protected":false},"excerpt":{"rendered":"<p>O governador interino e candidato ao Governo do Estado Mauro Carlesse, da coliga\u00e7\u00e3o Governo de Atitude, conquistou importante refor\u00e7o para sua campanha na regi\u00e3o norte. O apoio do deputado estadual Jos\u00e9 Bonif\u00e1cio (PR) e do prefeito do munic\u00edpio, Paulo Gomes (PSDB), foi refor\u00e7ado na noite dessa quarta-feira, 16, durante uma grande reuni\u00e3o com a comunidade, [&hellip;]<\/p>\n","protected":false},"author":2,"featured_media":214,"comment_status":"open","ping_status":"open","sticky":false,"template":"","format":"standard","meta":[],"categories":[2,4],"tags":[],"_links":{"self":[{"href":"https:\/\/dgospel.com.br\/portal\/index.php\/wp-json\/wp\/v2\/posts\/213"}],"collection":[{"href":"https:\/\/dgospel.com.br\/portal\/index.php\/wp-json\/wp\/v2\/posts"}],"about":[{"href":"https:\/\/dgospel.com.br\/portal\/index.php\/wp-json\/wp\/v2\/types\/post"}],"author":[{"embeddable":true,"href":"https:\/\/dgospel.com.br\/portal\/index.php\/wp-json\/wp\/v2\/users\/2"}],"replies":[{"embeddable":true,"href":"https:\/\/dgospel.com.br\/portal\/index.php\/wp-json\/wp\/v2\/comments?post=213"}],"version-history":[{"count":1,"href":"https:\/\/dgospel.com.br\/portal\/index.php\/wp-json\/wp\/v2\/posts\/213\/revisions"}],"predecessor-version":[{"id":215,"href":"https:\/\/dgospel.com.br\/portal\/index.php\/wp-json\/wp\/v2\/posts\/213\/revisions\/215"}],"wp:featuredmedia":[{"embeddable":true,"href":"https:\/\/dgospel.com.br\/portal\/index.php\/wp-json\/wp\/v2\/media\/214"}],"wp:attachment":[{"href":"https:\/\/dgospel.com.br\/portal\/index.php\/wp-json\/wp\/v2\/media?parent=213"}],"wp:term":[{"taxonomy":"category","embeddable":true,"href":"https:\/\/dgospel.com.br\/portal\/index.php\/wp-json\/wp\/v2\/categories?post=213"},{"taxonomy":"post_tag","embeddable":true,"href":"https:\/\/dgospel.com.br\/portal\/index.php\/wp-json\/wp\/v2\/tags?post=213"}],"curies":[{"name":"wp","href":"https:\/\/api.w.org\/{rel}","templated":true}]}}