{"id":21301,"date":"2025-01-29T10:35:06","date_gmt":"2025-01-29T13:35:06","guid":{"rendered":"https:\/\/dgospel.com.br\/portal\/?p=21301"},"modified":"2025-01-29T10:35:07","modified_gmt":"2025-01-29T13:35:07","slug":"marcha-pela-vida-teve-depoimento-de-medica-ex-abortista-conheci-o-amor-de-jesus","status":"publish","type":"post","link":"https:\/\/dgospel.com.br\/portal\/index.php\/2025\/01\/29\/marcha-pela-vida-teve-depoimento-de-medica-ex-abortista-conheci-o-amor-de-jesus\/","title":{"rendered":"Marcha Pela Vida teve depoimento de m\u00e9dica ex-abortista: \u2018Conheci o amor de Jesus\u2019"},"content":{"rendered":"\n<p>A&nbsp;<strong><a href=\"https:\/\/guiame.com.br\/gospel\/noticias\/marchando-e-orando-milhares-se-reunem-em-evento-contra-o-aborto-nos-eua.html\">Marcha Pela Vida<\/a><\/strong>, realizada em Washington, D.C., na sexta-feira (24), reuniu milhares de pessoas, incluindo ativistas, pol\u00edticos e pessoas contr\u00e1rias ao aborto.<\/p>\n\n\n\n<p>O evento, que existe h\u00e1 52 anos, ocorreu apesar do frio extremo em Washington, D.C., com temperaturas em torno de -10\u00baC.<\/p>\n\n\n\n<p>Com o tema \u201cVida: Por Que Marchamos\u201d, a marcha contou oradores que compartilharam suas hist\u00f3rias pessoais, elogiaram a vida como \u201cpresente de Deus\u201d e defenderam a prote\u00e7\u00e3o dos n\u00e3o nascidos.<\/p>\n\n\n\n<p>Muitos deles tamb\u00e9m explicaram o motivo de suas convic\u00e7\u00f5es pr\u00f3-vida, incluindo uma m\u00e9dica ex-abortista, que mudou de ideia ap\u00f3s conhecer Jesus. A Dra. Catherine Wheeler, antes favor\u00e1vel ao aborto, agora \u00e9 obstetra pr\u00f3-vida.<\/p>\n\n\n\n<p>Ela compartilhou como sua pr\u00f3pria gravidez n\u00e3o planejada durante a faculdade de medicina a fez compreender gradualmente que, ao realizar abortos, ela estava \u201cintencionalmente [ignorando]\u201d um de seus pacientes, ou seja, o feto.<\/p>\n\n\n\n<p>Wheeler disse que passou a conhecer o amor de Jesus e, ap\u00f3s ter realizado abortos, agora defende a causa pr\u00f3-vida.<\/p>\n\n\n\n<p>\u201cA vida \u00e9 um milagre incr\u00edvel e belo, e a gra\u00e7a de Deus est\u00e1 dispon\u00edvel para cada um de n\u00f3s\u201d, afirmou.<\/p>\n\n\n\n<p><strong>Proteger mulheres e beb\u00eas<\/strong><\/p>\n\n\n\n<p>A atual presidente da Marcha Pela Vida, Jeanne Mancini, que lidera a organiza\u00e7\u00e3o desde 2012, apresentou a nova presidente Jennie Bradley Lichter, que destacou a import\u00e2ncia de proteger todas as mulheres e beb\u00eas.<\/p>\n\n\n\n<p>Lichter, m\u00e3e de tr\u00eas filhos, advogada e defensora de longa data da santidade da vida, tem sido ativa no movimento pr\u00f3-vida desde a inf\u00e2ncia.<\/p>\n\n\n\n<p>&#8220;Voc\u00eas sabem que o desejo de um ser humano n\u00e3o determina o nosso valor. Sabem que \u00e9 certo e bom defender as pessoas que s\u00e3o pequenas demais para se defenderem&#8230; mas ultimamente, muitas das vozes mais altas t\u00eam gritado a mentira de que as mulheres precisam ter acesso ao aborto&#8221;, disse Lichter.<\/p>\n\n\n\n<p>&#8220;Eu os verei todos de volta aqui no pr\u00f3ximo ano e em todos os anos at\u00e9 que toda mulher e todo beb\u00ea sejam amados e protegidos&#8221;, acrescentou.<\/p>\n\n\n\n<p><strong>Santidade da vida<\/strong><\/p>\n\n\n\n<p>Ap\u00f3s as declara\u00e7\u00f5es do senador John Thune, de Dakota do Sul, o presidente da C\u00e2mara,&nbsp;<strong><a href=\"https:\/\/guiame.com.br\/gospel\/noticias\/congressista-cita-biblia-ao-defender-o-fim-de-trans-em-esportes-femininos-nos-eua.html\">Mike Johnson<\/a><\/strong>, se apresentou como um \u201cproduto de uma gravidez adolescente n\u00e3o planejada\u201d, o primeiro dos quatro filhos de seus pais, e expressou sua gratid\u00e3o pelo fato de seus pais terem escolhido a vida.<\/p>\n\n\n\n<p>Johnson continuou destacando o trabalho do Congresso na defesa das liberdades fundamentais e as a\u00e7\u00f5es pr\u00f3-vida da nova administra\u00e7\u00e3o, incluindo o&nbsp;<strong><a href=\"https:\/\/guiame.com.br\/gospel\/noticias\/trump-perdoa-23-manifestantes-pro-vida-presos-por-protestar-em-clinicas-de-aborto.html\">perd\u00e3o de ativistas pr\u00f3-vida<\/a><\/strong>&nbsp;concedido por Trump e sua defini\u00e7\u00e3o de que a vida come\u00e7a na concep\u00e7\u00e3o.<\/p>\n\n\n\n<p>\u201cA Am\u00e9rica \u00e9 fundamentada na verdade autoevidente de que cada pessoa \u00e9 feita \u00e0 imagem de nosso Deus criador, e, portanto, cada pessoa tem dignidade e valor inestim\u00e1veis\u201d, disse Johnson.<\/p>\n\n\n\n<p>Em seguida, o governador da Fl\u00f3rida, Ron DeSantis, incentivou todos os presentes a \u201cmostrar coragem na defesa dos n\u00e3o-nascidos\u201d e compartilhou como seu estado derrotou uma medida pr\u00f3-aborto em uma vota\u00e7\u00e3o em novembro, apesar das informa\u00e7\u00f5es enganosas da oposi\u00e7\u00e3o e dos aproximadamente 120 milh\u00f5es de d\u00f3lares gastos pelo lado pr\u00f3-aborto.<\/p>\n\n\n\n<p>Com a derrota da medida em 5 de novembro de 2024, a Fl\u00f3rida se tornou o primeiro estado a rejeitar uma iniciativa pr\u00f3-aborto desde a revoga\u00e7\u00e3o de&nbsp;<strong><a href=\"https:\/\/guiame.com.br\/gospel\/noticias\/1-marcha-pela-vida-pos-roe-leva-milhares-ruas-de-washington-luta-ainda-nao-acabou.html\">Roe v. Wade<\/a><\/strong>, ao lado de Nebraska e Dakota do Sul, na mesma noite.<\/p>\n\n\n\n<p>DeSantis argumentou que defender o direito \u00e0 vida n\u00e3o \u00e9 uma m\u00e1 pol\u00edtica e que ele pr\u00f3prio \u00e9 prova disso, citando sua vit\u00f3ria na Fl\u00f3rida ap\u00f3s a revoga\u00e7\u00e3o de Roe v. Wade.<\/p>\n\n\n\n<p>DeSantis, que \u00e9 cat\u00f3lico, assinou uma legisla\u00e7\u00e3o em abril de 2023 que pro\u00edbe o aborto na Fl\u00f3rida assim que o batimento card\u00edaco do feto for detectado, o que acontece por volta das seis semanas de gesta\u00e7\u00e3o.<\/p>\n\n\n\n<p>\u201cA santidade da vida n\u00e3o depende de resultados de pesquisas, n\u00e3o depende da dire\u00e7\u00e3o do vento, \u00e9 uma verdade duradoura e representa a base de nossa sociedade&#8221;, disse DeSantis.<\/p>\n\n\n\n<p><strong>Planned Parenthood<\/strong><\/p>\n\n\n\n<p>Lila Rose, presidente do grupo pr\u00f3-vida Live Action, contagiou a multid\u00e3o com sua energia e os lembrou de que \u201cabolir o aborto \u00e9 a causa dos direitos humanos mais importante do nosso tempo\u201d.<\/p>\n\n\n\n<p>Ao pedir o corte de verbas para a Planned Parenthood em favor dos centros de recursos para gravidez, ela enfatizou a import\u00e2ncia n\u00e3o apenas da a\u00e7\u00e3o pol\u00edtica, mas tamb\u00e9m da responsabilidade de cada pessoa pr\u00f3-vida em conquistar os cora\u00e7\u00f5es e mentes de outras, ajudando-as a compreender o valor inestim\u00e1vel da vida.<\/p>\n\n\n\n<figure class=\"wp-block-image\"><img src=\"https:\/\/thumbor.guiame.com.br\/unsafe\/smart\/https:\/\/media.guiame.com.br\/archives\/2025\/01\/27\/178514334-marcha-pela-vida.jpeg\" alt=\"\"\/><\/figure>\n\n\n\n<p><sup>Marcha pela Vida toma ruas de Washington. (Captura de tela\/YouTube\/LiveNOW FOX)<\/sup><\/p>\n\n\n\n<p>\u201cMeus amigos, essa \u00e9 metade da batalha: aparecer\u201d, disse Rose.<\/p>\n\n\n\n<p>\u201cTodos voc\u00eas aqui, todos voc\u00eas t\u00eam o poder de mudar mentes, \u00e0 mesa de jantar, nos campi, nos jogos de futebol, voc\u00eas podem mudar mentes. Voc\u00eas s\u00e3o a voz para aqueles que n\u00e3o t\u00eam voz. Lembrem-se, a ci\u00eancia est\u00e1 ao nosso lado. A lei natural est\u00e1 ao nosso lado. A verdade est\u00e1 ao nosso lado.\u201d<\/p>\n\n\n\n<p><strong>\u2018Ex\u00e9rcito de mam\u00e3es urso\u2019<\/strong><\/p>\n\n\n\n<p>Beverly Jacobson, CEO da Mama Bear Care, compartilhou os desafios que ela e seu marido enfrentaram quando sua filha foi diagnosticada com Trissomia 18, uma condi\u00e7\u00e3o cromoss\u00f4mica tamb\u00e9m conhecida como s\u00edndrome de Edwards.<\/p>\n\n\n\n<p>Sua experi\u00eancia a inspirou a reunir um \u201cex\u00e9rcito de mam\u00e3es urso\u201d para apoiar mulheres que est\u00e3o passando por provas semelhantes, ajudando-as a entender que \u201cseus filhinhos s\u00e3o presentes de Deus que merecem ser celebrados\u201d.<\/p>\n\n\n\n<p>Josiah Presley, um adotado que sobreviveu a uma tentativa de aborto malsucedida, destacou que toda vida humana \u00e9 valiosa porque foi criada \u00e0 imagem de Deus.<\/p>\n\n\n\n<p>Nascido na Coreia do Sul, Presley foi adotado por uma fam\u00edlia em Oklahoma ap\u00f3s sobreviver \u00e0 tentativa de aborto e, atualmente, serve como ministro estudantil na North Pointe Baptist Church em Edmond, Oklahoma.<\/p>\n\n\n\n<p>\u201cHoje eu marcho porque, quando eu era invis\u00edvel e desvalorizado, Deus tinha um plano diferente\u201d, disse Presley, que nasceu com um bra\u00e7o deformado como resultado da tentativa de aborto.<\/p>\n\n\n\n<p>\u201cE hoje marchamos para declarar o que nosso Criador j\u00e1 declarou, que toda vida humana \u00e9 valiosa porque \u00e9 criada \u00e0 imagem de Deus.\u201d<\/p>\n\n\n\n<p><strong>Trump e Vance<\/strong><\/p>\n\n\n\n<p>Ap\u00f3s essas palestras, o presidente Donald Trump enviou uma mensagem em v\u00eddeo pr\u00e9-gravada para a Marcha pela Vida, na qual prometeu acabar com a \u201carma\u00e7\u00e3o\u201d da aplica\u00e7\u00e3o da lei contra os americanos pr\u00f3-vida.<\/p>\n\n\n\n<p>Ele destacou seu recente perd\u00e3o a 23 ativistas pr\u00f3-vida que haviam sido presos sob a administra\u00e7\u00e3o Biden e acrescentou que, sob sua lideran\u00e7a, um Departamento de Justi\u00e7a reformado investigaria ataques a igrejas e centros de apoio \u00e0 gravidez.<\/p>\n\n\n\n<p>Trump afirmou que sua administra\u00e7\u00e3o estar\u00e1 ao lado das fam\u00edlias e da vida, e elogiou os participantes da marcha por sua dedica\u00e7\u00e3o em criar uma sociedade que protege cada crian\u00e7a como um presente de Deus.<\/p>\n\n\n\n<p>Encerrando as palestras principais, o vice-presidente J.D. Vance, que esteve presente pessoalmente, refor\u00e7ou suas convic\u00e7\u00f5es pr\u00f3-vida como pai cat\u00f3lico e afirmou que a administra\u00e7\u00e3o Trump continuar\u00e1 a apoiar pol\u00edticas pr\u00f3-vida.<\/p>\n\n\n\n<p>Ele expressou seu desejo por uma sociedade pr\u00f3-fam\u00edlia, destacando que a verdadeira medida do sucesso nacional \u00e9 a facilidade de criar uma fam\u00edlia. Nesse contexto, Vance abordou a proposta da administra\u00e7\u00e3o Trump de aumentar o cr\u00e9dito fiscal para crian\u00e7as e o apoio ao Born-Alive Abortion Survivors Act.<\/p>\n\n\n\n<p>\u201cDeixe-me dizer de forma bem simples: eu quero mais beb\u00eas nos Estados Unidos da Am\u00e9rica\u201d, disse Vance, recebendo aplausos.<\/p>\n\n\n\n<p>\u201cEu quero mais crian\u00e7as felizes em nosso pa\u00eds. E eu quero jovens homens e mulheres bonitas que estejam ansiosos para receb\u00ea-los no mundo e para cri\u00e1-los. E \u00e9 tarefa do nosso governo tornar mais f\u00e1cil para os jovens pais e m\u00e3es poderem ter filhos, traz\u00ea-los ao mundo e receb\u00ea-los como as b\u00ean\u00e7\u00e3os que sabemos que s\u00e3o aqui na Marcha pela Vida\u201d.<\/p>\n\n\n\n<p><a href=\"https:\/\/www.instagram.com\/reel\/DFOhzgCsoai\/?utm_source=ig_embed&amp;ig_rid=89da5674-c8e3-4a53-b7cd-72f20c1ed0af\">https:\/\/www.instagram.com\/reel\/DFOhzgCsoai\/?utm_source=ig_embed&amp;ig_rid=89da5674-c8e3-4a53-b7cd-72f20c1ed0af<\/a><\/p>\n","protected":false},"excerpt":{"rendered":"<p>A&nbsp;Marcha Pela Vida, realizada em Washington, D.C., na sexta-feira (24), reuniu milhares de pessoas, incluindo ativistas, pol\u00edticos e pessoas contr\u00e1rias ao aborto. O evento, que existe h\u00e1 52 anos, ocorreu apesar do frio extremo em Washington, D.C., com temperaturas em torno de -10\u00baC. Com o tema \u201cVida: Por Que Marchamos\u201d, a marcha contou oradores que [&hellip;]<\/p>\n","protected":false},"author":2,"featured_media":21302,"comment_status":"open","ping_status":"open","sticky":false,"template":"","format":"standard","meta":[],"categories":[5],"tags":[],"_links":{"self":[{"href":"https:\/\/dgospel.com.br\/portal\/index.php\/wp-json\/wp\/v2\/posts\/21301"}],"collection":[{"href":"https:\/\/dgospel.com.br\/portal\/index.php\/wp-json\/wp\/v2\/posts"}],"about":[{"href":"https:\/\/dgospel.com.br\/portal\/index.php\/wp-json\/wp\/v2\/types\/post"}],"author":[{"embeddable":true,"href":"https:\/\/dgospel.com.br\/portal\/index.php\/wp-json\/wp\/v2\/users\/2"}],"replies":[{"embeddable":true,"href":"https:\/\/dgospel.com.br\/portal\/index.php\/wp-json\/wp\/v2\/comments?post=21301"}],"version-history":[{"count":1,"href":"https:\/\/dgospel.com.br\/portal\/index.php\/wp-json\/wp\/v2\/posts\/21301\/revisions"}],"predecessor-version":[{"id":21303,"href":"https:\/\/dgospel.com.br\/portal\/index.php\/wp-json\/wp\/v2\/posts\/21301\/revisions\/21303"}],"wp:featuredmedia":[{"embeddable":true,"href":"https:\/\/dgospel.com.br\/portal\/index.php\/wp-json\/wp\/v2\/media\/21302"}],"wp:attachment":[{"href":"https:\/\/dgospel.com.br\/portal\/index.php\/wp-json\/wp\/v2\/media?parent=21301"}],"wp:term":[{"taxonomy":"category","embeddable":true,"href":"https:\/\/dgospel.com.br\/portal\/index.php\/wp-json\/wp\/v2\/categories?post=21301"},{"taxonomy":"post_tag","embeddable":true,"href":"https:\/\/dgospel.com.br\/portal\/index.php\/wp-json\/wp\/v2\/tags?post=21301"}],"curies":[{"name":"wp","href":"https:\/\/api.w.org\/{rel}","templated":true}]}}