{"id":21304,"date":"2025-01-29T10:39:57","date_gmt":"2025-01-29T13:39:57","guid":{"rendered":"https:\/\/dgospel.com.br\/portal\/?p=21304"},"modified":"2025-01-29T10:39:58","modified_gmt":"2025-01-29T13:39:58","slug":"deputado-aciona-mp-contra-performance-de-jesus-crucificado-por-vilipendio-religioso","status":"publish","type":"post","link":"https:\/\/dgospel.com.br\/portal\/index.php\/2025\/01\/29\/deputado-aciona-mp-contra-performance-de-jesus-crucificado-por-vilipendio-religioso\/","title":{"rendered":"Deputado aciona MP contra performance de \u201cJesus crucificado\u201d por vilip\u00eandio religioso"},"content":{"rendered":"\n<p>O deputado federal Gilvan M\u00e1ximo (Republicanos-DF) registrou, nesta segunda-feira (27), uma den\u00fancia junto ao Minist\u00e9rio P\u00fablico Federal (MPF) contra o Bloco da Laje, ap\u00f3s uma&nbsp;<strong><a href=\"https:\/\/guiame.com.br\/gospel\/noticias\/performance-blasfema-de-jesus-crucificado-no-carnaval-de-porto-alegre-gera-indignacao.html\">performance blasfema<\/a><\/strong>&nbsp;de &#8220;Jesus crucificado&#8221;.<\/p>\n\n\n\n<p>Na apresenta\u00e7\u00e3o pr\u00e9-Carnaval nas ruas de Porto Alegre, Rio Grande do Sul, um homem, usando uma coroa de espinhos nas cores LGBT, ficou apenas de tanga fio-dental ap\u00f3s retirar suas roupas em p\u00fablico ao som da marchinha \u201cPregad\u00e3o\u201d.<\/p>\n\n\n\n<p>Enquanto cantava com a multid\u00e3o o refr\u00e3o &#8220;Vamos tirar Jesus da cruz&#8230; Eu vou tirar Jesus da cruz&#8221;, o homem se atirou ao p\u00fablico e foi carregado com os bra\u00e7os abertos, em uma posi\u00e7\u00e3o que simulava Jesus crucificado.<\/p>\n\n\n\n<p>Ao mostrar as cenas em um v\u00eddeo no Instagram, o deputado Gilvan M\u00e1ximo declarou: &#8220;Que absurdo isso, deixa a gente indignado&#8221;.<\/p>\n\n\n\n<p>Em seguida, o parlamentar afirmou ter denunciado o grupo por vilip\u00eandio e&nbsp;<strong><a href=\"https:\/\/guiame.com.br\/gospel\/noticias\/mp-marca-audiencia-e-da-prazo-para-claudia-leitte-sobre-denuncia-de-racismo-religioso.html\">racismo religioso<\/a><\/strong>:<\/p>\n\n\n\n<p>\u201cEu acabei de formalizar uma den\u00fancia contra esses militantes travestidos de alunos, por vilip\u00eandio e racismo religioso. O artigo 208 do C\u00f3digo Penal \u00e9 claro sobre esse tipo de crime, estabelecendo v\u00e1rias puni\u00e7\u00f5es s\u00e9rias para quem comete essas atrocidades\u201d.<\/p>\n\n\n\n<p>E questionou: \u201cQuando vamos aceitar isso? N\u00f3s n\u00e3o vamos aceitar que o cristianismo seja desrespeitado em nosso pa\u00eds. Quem professa a sua f\u00e9 em Cristo Jesus n\u00e3o pode ser t\u00e3o desrespeitado dessa forma. Por isso, nosso mandato est\u00e1 mobilizado para a defesa da liberdade religiosa e para a prote\u00e7\u00e3o das pessoas de f\u00e9 deste pa\u00eds&#8221;.<\/p>\n\n\n\n<p><a href=\"https:\/\/www.instagram.com\/reel\/DFWLdBoxM8f\/?utm_source=ig_embed&amp;ig_rid=ed13da21-4247-4c9b-9ff5-36af0589ca7c\">https:\/\/www.instagram.com\/reel\/DFWLdBoxM8f\/?utm_source=ig_embed&amp;ig_rid=ed13da21-4247-4c9b-9ff5-36af0589ca7c<\/a><\/p>\n","protected":false},"excerpt":{"rendered":"<p>O deputado federal Gilvan M\u00e1ximo (Republicanos-DF) registrou, nesta segunda-feira (27), uma den\u00fancia junto ao Minist\u00e9rio P\u00fablico Federal (MPF) contra o Bloco da Laje, ap\u00f3s uma&nbsp;performance blasfema&nbsp;de &#8220;Jesus crucificado&#8221;. Na apresenta\u00e7\u00e3o pr\u00e9-Carnaval nas ruas de Porto Alegre, Rio Grande do Sul, um homem, usando uma coroa de espinhos nas cores LGBT, ficou apenas de tanga fio-dental [&hellip;]<\/p>\n","protected":false},"author":2,"featured_media":21305,"comment_status":"open","ping_status":"open","sticky":false,"template":"","format":"standard","meta":[],"categories":[12,5],"tags":[],"_links":{"self":[{"href":"https:\/\/dgospel.com.br\/portal\/index.php\/wp-json\/wp\/v2\/posts\/21304"}],"collection":[{"href":"https:\/\/dgospel.com.br\/portal\/index.php\/wp-json\/wp\/v2\/posts"}],"about":[{"href":"https:\/\/dgospel.com.br\/portal\/index.php\/wp-json\/wp\/v2\/types\/post"}],"author":[{"embeddable":true,"href":"https:\/\/dgospel.com.br\/portal\/index.php\/wp-json\/wp\/v2\/users\/2"}],"replies":[{"embeddable":true,"href":"https:\/\/dgospel.com.br\/portal\/index.php\/wp-json\/wp\/v2\/comments?post=21304"}],"version-history":[{"count":1,"href":"https:\/\/dgospel.com.br\/portal\/index.php\/wp-json\/wp\/v2\/posts\/21304\/revisions"}],"predecessor-version":[{"id":21306,"href":"https:\/\/dgospel.com.br\/portal\/index.php\/wp-json\/wp\/v2\/posts\/21304\/revisions\/21306"}],"wp:featuredmedia":[{"embeddable":true,"href":"https:\/\/dgospel.com.br\/portal\/index.php\/wp-json\/wp\/v2\/media\/21305"}],"wp:attachment":[{"href":"https:\/\/dgospel.com.br\/portal\/index.php\/wp-json\/wp\/v2\/media?parent=21304"}],"wp:term":[{"taxonomy":"category","embeddable":true,"href":"https:\/\/dgospel.com.br\/portal\/index.php\/wp-json\/wp\/v2\/categories?post=21304"},{"taxonomy":"post_tag","embeddable":true,"href":"https:\/\/dgospel.com.br\/portal\/index.php\/wp-json\/wp\/v2\/tags?post=21304"}],"curies":[{"name":"wp","href":"https:\/\/api.w.org\/{rel}","templated":true}]}}