{"id":21322,"date":"2025-02-04T11:00:00","date_gmt":"2025-02-04T14:00:00","guid":{"rendered":"https:\/\/dgospel.com.br\/portal\/?p=21322"},"modified":"2025-02-04T11:00:01","modified_gmt":"2025-02-04T14:00:01","slug":"maioria-dos-brasileiros-e-contra-liberacao-do-aborto-aponta-pesquisa","status":"publish","type":"post","link":"https:\/\/dgospel.com.br\/portal\/index.php\/2025\/02\/04\/maioria-dos-brasileiros-e-contra-liberacao-do-aborto-aponta-pesquisa\/","title":{"rendered":"Maioria dos brasileiros \u00e9 contra libera\u00e7\u00e3o do aborto, aponta pesquisa"},"content":{"rendered":"\n<p>Uma pesquisa realizada pelo PoderData entre os dias 25 e 27 de janeiro de 2025 revela que 66% dos brasileiros s\u00e3o&nbsp;<strong><a href=\"https:\/\/guiame.com.br\/gospel\/noticias\/70-dos-brasileiros-sao-contra-legalizacao-do-aborto-aponta-pesquisa.html\">contr\u00e1rios \u00e0 libera\u00e7\u00e3o do aborto<\/a><\/strong>&nbsp;no pa\u00eds.<\/p>\n\n\n\n<p>Este n\u00famero representa um aumento de 5 pontos percentuais em um ano, atingindo o maior n\u00edvel registrado desde que a pergunta come\u00e7ou a ser feita, em janeiro de 2021.<\/p>\n\n\n\n<p>Atualmente, 21% dos brasileiros declaram ser favor\u00e1veis \u00e0 libera\u00e7\u00e3o do aborto. Esse percentual recuou 3 pontos percentuais em um ano, permanecendo dentro da margem de erro da pesquisa. Al\u00e9m disso, 13% dos entrevistados n\u00e3o souberam responder.<\/p>\n\n\n\n<p>O aborto \u00e9 permitido no Brasil em casos espec\u00edficos: quando a gravidez resulta de estupro, quando h\u00e1 risco \u00e0 vida da mulher e em casos de anencefalia fetal. A legisla\u00e7\u00e3o n\u00e3o define um limite m\u00e1ximo de dias ou semanas de gesta\u00e7\u00e3o para a interrup\u00e7\u00e3o.<\/p>\n\n\n\n<p>No Brasil, \u00e9 ilegal&nbsp;<strong><a href=\"https:\/\/guiame.com.br\/gospel\/mundo-cristao\/legalizar-o-aborto-e-aprovar-assassinato-dentro-do-ventre-diz-pastor.html\">interromper a gravidez<\/a><\/strong>&nbsp;em casos que n\u00e3o se enquadrem nas hip\u00f3teses mencionadas anteriormente.<\/p>\n\n\n\n<p><strong>Sobre a pesquisa<\/strong><\/p>\n\n\n\n<p>A pesquisa foi realizada pelo PoderData, empresa do grupo Poder360 Jornalismo, com recursos pr\u00f3prios. Os dados foram coletados entre 25 e 27 de janeiro de 2025, por meio de liga\u00e7\u00f5es para celulares e telefones fixos.<\/p>\n\n\n\n<p>Foram realizadas 2.500 entrevistas em 219 munic\u00edpios das 27 unidades da Federa\u00e7\u00e3o. A margem de erro \u00e9 de 2 pontos percentuais, com intervalo de confian\u00e7a de 95%.<\/p>\n\n\n\n<p>Para realizar as 2.500 entrevistas representativas por sexo, idade, renda, escolaridade e localiza\u00e7\u00e3o geogr\u00e1fica, o PoderData realiza dezenas de milhares de telefonemas. Muitas vezes, s\u00e3o mais de 100 mil liga\u00e7\u00f5es at\u00e9 localizar os entrevistados que reflitam fielmente o conjunto da popula\u00e7\u00e3o. Saiba mais sobre a metodologia lendo este texto.<\/p>\n\n\n\n<p>O PoderData estratifica os dados por recortes demogr\u00e1ficos (sexo, idade, regi\u00e3o, escolaridade e renda). Os resultados s\u00e3o pr\u00f3ximos aos da popula\u00e7\u00e3o geral, com varia\u00e7\u00f5es na margem de erro, que podem ser diferentes do estrato total devido \u00e0 considera\u00e7\u00e3o de grupos espec\u00edficos.<\/p>\n","protected":false},"excerpt":{"rendered":"<p>Uma pesquisa realizada pelo PoderData entre os dias 25 e 27 de janeiro de 2025 revela que 66% dos brasileiros s\u00e3o&nbsp;contr\u00e1rios \u00e0 libera\u00e7\u00e3o do aborto&nbsp;no pa\u00eds. Este n\u00famero representa um aumento de 5 pontos percentuais em um ano, atingindo o maior n\u00edvel registrado desde que a pergunta come\u00e7ou a ser feita, em janeiro de 2021. [&hellip;]<\/p>\n","protected":false},"author":2,"featured_media":21323,"comment_status":"open","ping_status":"open","sticky":false,"template":"","format":"standard","meta":[],"categories":[12,5],"tags":[],"_links":{"self":[{"href":"https:\/\/dgospel.com.br\/portal\/index.php\/wp-json\/wp\/v2\/posts\/21322"}],"collection":[{"href":"https:\/\/dgospel.com.br\/portal\/index.php\/wp-json\/wp\/v2\/posts"}],"about":[{"href":"https:\/\/dgospel.com.br\/portal\/index.php\/wp-json\/wp\/v2\/types\/post"}],"author":[{"embeddable":true,"href":"https:\/\/dgospel.com.br\/portal\/index.php\/wp-json\/wp\/v2\/users\/2"}],"replies":[{"embeddable":true,"href":"https:\/\/dgospel.com.br\/portal\/index.php\/wp-json\/wp\/v2\/comments?post=21322"}],"version-history":[{"count":1,"href":"https:\/\/dgospel.com.br\/portal\/index.php\/wp-json\/wp\/v2\/posts\/21322\/revisions"}],"predecessor-version":[{"id":21324,"href":"https:\/\/dgospel.com.br\/portal\/index.php\/wp-json\/wp\/v2\/posts\/21322\/revisions\/21324"}],"wp:featuredmedia":[{"embeddable":true,"href":"https:\/\/dgospel.com.br\/portal\/index.php\/wp-json\/wp\/v2\/media\/21323"}],"wp:attachment":[{"href":"https:\/\/dgospel.com.br\/portal\/index.php\/wp-json\/wp\/v2\/media?parent=21322"}],"wp:term":[{"taxonomy":"category","embeddable":true,"href":"https:\/\/dgospel.com.br\/portal\/index.php\/wp-json\/wp\/v2\/categories?post=21322"},{"taxonomy":"post_tag","embeddable":true,"href":"https:\/\/dgospel.com.br\/portal\/index.php\/wp-json\/wp\/v2\/tags?post=21322"}],"curies":[{"name":"wp","href":"https:\/\/api.w.org\/{rel}","templated":true}]}}