{"id":21329,"date":"2025-02-04T11:28:08","date_gmt":"2025-02-04T14:28:08","guid":{"rendered":"https:\/\/dgospel.com.br\/portal\/?p=21329"},"modified":"2025-02-04T11:28:10","modified_gmt":"2025-02-04T14:28:10","slug":"bradesco-alerta-que-brasil-deve-entrar-em-recessao-ja-em-2025","status":"publish","type":"post","link":"https:\/\/dgospel.com.br\/portal\/index.php\/2025\/02\/04\/bradesco-alerta-que-brasil-deve-entrar-em-recessao-ja-em-2025\/","title":{"rendered":"Bradesco alerta que Brasil deve entrar em recess\u00e3o j\u00e1 em 2025"},"content":{"rendered":"\n<p>O economista-chefe do banco Bradesco, Fernando Honorato, disse acreditar que a economia do&nbsp;<a href=\"http:\/\/pleno.news\/tag\/brasil\" target=\"_blank\" rel=\"noreferrer noopener\">Brasil<\/a>&nbsp;entrar\u00e1 em recess\u00e3o j\u00e1 no pr\u00f3ximo semestre deste ano. A declara\u00e7\u00e3o de Honorato foi feita em uma entrevista ao programa&nbsp;<em>Veja Mercado<\/em>, da revista Veja. A recess\u00e3o ocorre quando h\u00e1 queda na atividade econ\u00f4mica de um pa\u00eds ou regi\u00e3o.<\/p>\n\n\n\n<p>\u2013 O Banco Central foi assertivo ao dizer em seu comunicado que h\u00e1 possibilidade de a economia esfriar mais do que o imaginado. \u00c9 exatamente o que n\u00f3s esperamos. N\u00f3s antevemos que com o juro a 15,25% ao ano, nossa proje\u00e7\u00e3o atual, a economia brasileira estar\u00e1 em recess\u00e3o no segundo semestre deste ano \u2013 afirmou o economista.<\/p>\n\n\n\n<p>Honorato ressaltou ainda que o resultado do PIB no primeiro trimestre ser\u00e1 impulsionado positivamente pela agricultura, mas que a desacelera\u00e7\u00e3o do consumo e dos investimentos deve come\u00e7ar a ser percebida a partir do segundo e do terceiro trimestre do ano.<\/p>\n\n\n\n<p>\u2013 O agro ser\u00e1 um espet\u00e1culo em 2025 e vai inflar o PIB no primeiro trimestre. Entretanto, j\u00e1 veremos o consumo e o investimento esfriarem no segundo trimestre e a nossa expectativa \u00e9 que o PIB seja ligeiramente negativo no terceiro trimestre \u2013 finalizou.<\/p>\n","protected":false},"excerpt":{"rendered":"<p>O economista-chefe do banco Bradesco, Fernando Honorato, disse acreditar que a economia do&nbsp;Brasil&nbsp;entrar\u00e1 em recess\u00e3o j\u00e1 no pr\u00f3ximo semestre deste ano. A declara\u00e7\u00e3o de Honorato foi feita em uma entrevista ao programa&nbsp;Veja Mercado, da revista Veja. A recess\u00e3o ocorre quando h\u00e1 queda na atividade econ\u00f4mica de um pa\u00eds ou regi\u00e3o. \u2013 O Banco Central foi [&hellip;]<\/p>\n","protected":false},"author":2,"featured_media":21330,"comment_status":"open","ping_status":"open","sticky":false,"template":"","format":"standard","meta":[],"categories":[4],"tags":[],"_links":{"self":[{"href":"https:\/\/dgospel.com.br\/portal\/index.php\/wp-json\/wp\/v2\/posts\/21329"}],"collection":[{"href":"https:\/\/dgospel.com.br\/portal\/index.php\/wp-json\/wp\/v2\/posts"}],"about":[{"href":"https:\/\/dgospel.com.br\/portal\/index.php\/wp-json\/wp\/v2\/types\/post"}],"author":[{"embeddable":true,"href":"https:\/\/dgospel.com.br\/portal\/index.php\/wp-json\/wp\/v2\/users\/2"}],"replies":[{"embeddable":true,"href":"https:\/\/dgospel.com.br\/portal\/index.php\/wp-json\/wp\/v2\/comments?post=21329"}],"version-history":[{"count":1,"href":"https:\/\/dgospel.com.br\/portal\/index.php\/wp-json\/wp\/v2\/posts\/21329\/revisions"}],"predecessor-version":[{"id":21331,"href":"https:\/\/dgospel.com.br\/portal\/index.php\/wp-json\/wp\/v2\/posts\/21329\/revisions\/21331"}],"wp:featuredmedia":[{"embeddable":true,"href":"https:\/\/dgospel.com.br\/portal\/index.php\/wp-json\/wp\/v2\/media\/21330"}],"wp:attachment":[{"href":"https:\/\/dgospel.com.br\/portal\/index.php\/wp-json\/wp\/v2\/media?parent=21329"}],"wp:term":[{"taxonomy":"category","embeddable":true,"href":"https:\/\/dgospel.com.br\/portal\/index.php\/wp-json\/wp\/v2\/categories?post=21329"},{"taxonomy":"post_tag","embeddable":true,"href":"https:\/\/dgospel.com.br\/portal\/index.php\/wp-json\/wp\/v2\/tags?post=21329"}],"curies":[{"name":"wp","href":"https:\/\/api.w.org\/{rel}","templated":true}]}}