{"id":2133,"date":"2018-12-21T16:20:09","date_gmt":"2018-12-21T18:20:09","guid":{"rendered":"http:\/\/dgospel.com.br\/portal\/?p=2133"},"modified":"2018-12-21T16:20:09","modified_gmt":"2018-12-21T18:20:09","slug":"servidores-e-socioeducandos-do-case-realizam-acao-social-com-familias-do-setor-taquari","status":"publish","type":"post","link":"https:\/\/dgospel.com.br\/portal\/index.php\/2018\/12\/21\/servidores-e-socioeducandos-do-case-realizam-acao-social-com-familias-do-setor-taquari\/","title":{"rendered":"Servidores e socioeducandos do Case realizam a\u00e7\u00e3o social com fam\u00edlias do Setor Taquari"},"content":{"rendered":"<p style=\"font-weight: 400;\">Uma a\u00e7\u00e3o social organizada por servidores e socioeducandos do Centro de Atendimento Socioeducativo (Case) de Palmas, ligado a Secretaria de Estado da Cidadania e Justi\u00e7a (Seciju), possibilitou a integra\u00e7\u00e3o com comunidade do bairro Jardim Taquari, na regi\u00e3o Sul da cidade. A a\u00e7\u00e3o, realizada manh\u00e3 desta sexta-feira, 21, que antecipa o Natal, foi marcada pela alegria e pela solidariedade, com a entrega de cestas b\u00e1sicas, roupas, cal\u00e7ados e lanches para os moradores da localidade.<\/p>\n<p style=\"font-weight: 400;\">A a\u00e7\u00e3o social faz parte de um projeto criado pelos pr\u00f3prios servidores do Case, chamado \u201cProjeto SocioCidadania\u201d, conforme explicado pela psic\u00f3loga Mayra Dayanne Soares Barbosa. \u201cA proposta do projeto \u00e9 aproximar o Case da comunidade circunvizinha e buscar diminuir esse estigma social criado em torno do estabelecimento, incluindo a participa\u00e7\u00e3o dos adolescentes nessas a\u00e7\u00f5es para desenvolver sentimentos como solidariedade, empatia e cidadania\u201d, exp\u00f5e.<\/p>\n<p style=\"font-weight: 400;\">A arrecada\u00e7\u00e3o das doa\u00e7\u00f5es envolveu todos os servidores da unidade, que contribu\u00edram de acordo com suas possibilidades, com alimentos, quantias em dinheiro, roupas, cal\u00e7ados e utens\u00edlios. Ao todo, contando com as doa\u00e7\u00f5es externas, distribu\u00edram 12 cestas b\u00e1sicas. A a\u00e7\u00e3o tamb\u00e9m ofertou sorvetes e doces para a crian\u00e7ada.<\/p>\n<p style=\"font-weight: 400;\">O adolescente T.M.A.S., de 18 anos, por m\u00e9rito de bom comportamento, participou da a\u00e7\u00e3o com as fam\u00edlias e entregou algumas cestas b\u00e1sicas. \u201cMe sinto aliviado em poder ajudar tamb\u00e9m. A gente v\u00ea o tempo todo nas reportagens fam\u00edlias passando dificuldade, pai e m\u00e3e desempregado, precisando dar comida para os filhos e tamb\u00e9m lembro da minha casa, que quando era pequeno quase chegou a faltar alimento [sic]\u201d, relata.<\/p>\n<p style=\"font-weight: 400;\">A moradora da comunidade Luzinete Barbosa da Silva, m\u00e3e de cinco crian\u00e7as, conta que a doa\u00e7\u00e3o veio em boa hora e agradeceu ao adolescente e aos servidores presentes. \u201c\u00c9 muito menino para comer, tudo que a gente ganha \u00e9 uma b\u00ean\u00e7\u00e3o. A gente fica feliz demais com isso [sic]\u201d, expressou.<\/p>\n<p style=\"font-weight: 400;\"><strong>Meu cora\u00e7\u00e3o<\/strong><\/p>\n<p style=\"font-weight: 400;\">Para o adolescente S.A.S., de 16 anos, a participa\u00e7\u00e3o na a\u00e7\u00e3o o prepara para quando deixar a unidade. \u201cEstou lisonjeado em estar aqui e tamb\u00e9m em saber que a minha liberdade se aproxima. \u00c9 gratificante ajudar as outras pessoas e saber que meu cora\u00e7\u00e3o t\u00e1 mudado para viver bem com a comunidade\u201d, conta.<\/p>\n<p style=\"font-weight: 400;\"><strong>Projeto SocioCidadania<\/strong><\/p>\n<p style=\"font-weight: 400;\">O projeto SocioCidadania visa envolver os adolescentes em todas as a\u00e7\u00f5es propostas para a unidade. \u201cA inten\u00e7\u00e3o da gente, dos servidores, \u00e9 que a a\u00e7\u00e3o seja pedag\u00f3gica e tenha significado para o adolescente e possa representar coisas positivas para ele. Por isso, alguns participam conosco\u201d, explica a psic\u00f3loga do Case, Mayra Dayanne Soares Barbosa.<\/p>\n","protected":false},"excerpt":{"rendered":"<p>Uma a\u00e7\u00e3o social organizada por servidores e socioeducandos do Centro de Atendimento Socioeducativo (Case) de Palmas, ligado a Secretaria de Estado da Cidadania e Justi\u00e7a (Seciju), possibilitou a integra\u00e7\u00e3o com comunidade do bairro Jardim Taquari, na regi\u00e3o Sul da cidade. A a\u00e7\u00e3o, realizada manh\u00e3 desta sexta-feira, 21, que antecipa o Natal, foi marcada pela alegria [&hellip;]<\/p>\n","protected":false},"author":2,"featured_media":2134,"comment_status":"open","ping_status":"open","sticky":false,"template":"","format":"standard","meta":[],"categories":[2,3],"tags":[],"_links":{"self":[{"href":"https:\/\/dgospel.com.br\/portal\/index.php\/wp-json\/wp\/v2\/posts\/2133"}],"collection":[{"href":"https:\/\/dgospel.com.br\/portal\/index.php\/wp-json\/wp\/v2\/posts"}],"about":[{"href":"https:\/\/dgospel.com.br\/portal\/index.php\/wp-json\/wp\/v2\/types\/post"}],"author":[{"embeddable":true,"href":"https:\/\/dgospel.com.br\/portal\/index.php\/wp-json\/wp\/v2\/users\/2"}],"replies":[{"embeddable":true,"href":"https:\/\/dgospel.com.br\/portal\/index.php\/wp-json\/wp\/v2\/comments?post=2133"}],"version-history":[{"count":1,"href":"https:\/\/dgospel.com.br\/portal\/index.php\/wp-json\/wp\/v2\/posts\/2133\/revisions"}],"predecessor-version":[{"id":2135,"href":"https:\/\/dgospel.com.br\/portal\/index.php\/wp-json\/wp\/v2\/posts\/2133\/revisions\/2135"}],"wp:featuredmedia":[{"embeddable":true,"href":"https:\/\/dgospel.com.br\/portal\/index.php\/wp-json\/wp\/v2\/media\/2134"}],"wp:attachment":[{"href":"https:\/\/dgospel.com.br\/portal\/index.php\/wp-json\/wp\/v2\/media?parent=2133"}],"wp:term":[{"taxonomy":"category","embeddable":true,"href":"https:\/\/dgospel.com.br\/portal\/index.php\/wp-json\/wp\/v2\/categories?post=2133"},{"taxonomy":"post_tag","embeddable":true,"href":"https:\/\/dgospel.com.br\/portal\/index.php\/wp-json\/wp\/v2\/tags?post=2133"}],"curies":[{"name":"wp","href":"https:\/\/api.w.org\/{rel}","templated":true}]}}