{"id":21335,"date":"2025-02-04T11:55:17","date_gmt":"2025-02-04T14:55:17","guid":{"rendered":"https:\/\/dgospel.com.br\/portal\/?p=21335"},"modified":"2025-02-04T11:55:18","modified_gmt":"2025-02-04T14:55:18","slug":"governo-do-tocantins-da-inicio-ao-planejamento-de-acoes-de-prevencao-e-combate-aos-incendios-florestais-deste-ano","status":"publish","type":"post","link":"https:\/\/dgospel.com.br\/portal\/index.php\/2025\/02\/04\/governo-do-tocantins-da-inicio-ao-planejamento-de-acoes-de-prevencao-e-combate-aos-incendios-florestais-deste-ano\/","title":{"rendered":"Governo do Tocantins d\u00e1 in\u00edcio ao planejamento de a\u00e7\u00f5es de preven\u00e7\u00e3o e combate aos inc\u00eandios florestais deste ano"},"content":{"rendered":"\n<p>Atendendo a uma determina\u00e7\u00e3o do governador Wanderlei Barbosa, o secret\u00e1rio do Meio Ambiente e Recursos H\u00eddricos, Marcello Lelis, reuniu os \u00f3rg\u00e3os ambientais respons\u00e1veis pelo combate ao fogo para dar in\u00edcio ao planejamento das a\u00e7\u00f5es de preven\u00e7\u00e3o e combate aos inc\u00eandios florestais deste ano.<\/p>\n\n\n\n<p>O encontro, realizado na sala do Centro de Intelig\u00eancia Geogr\u00e1fica em Gest\u00e3o do Meio Ambiente (Cigma), na tarde desta segunda-feira, contou com a presen\u00e7a de representantes do Instituto Natureza do Tocantins (Naturatins), do Corpo de Bombeiros e da Defesa Civil.<\/p>\n\n\n\n<p>Na ocasi\u00e3o, o secret\u00e1rio refor\u00e7ou a necessidade de os \u00f3rg\u00e3os ambientais se anteciparem no planejamento das a\u00e7\u00f5es, a fim de desenvolver estrat\u00e9gias mais eficazes de preven\u00e7\u00e3o e combate aos inc\u00eandios.<\/p>\n\n\n\n<p>&#8220;Passamos a tarde reunidos aqui na Semarh, junto com o Naturatins e o Corpo de Bombeiros, porque queremos iniciar o processo de forma antecipada, com toda a estrutura montada antes do per\u00edodo cr\u00edtico, para que possamos ter uma temporada de muito sucesso e efetividade no combate ao fogo em 2025, atendendo \u00e0 determina\u00e7\u00e3o expressa do governador Wanderlei Barbosa, que tem se preocupado com esta situa\u00e7\u00e3o&#8221;, afirmou.<\/p>\n\n\n\n<p>Na ocasi\u00e3o, cada \u00f3rg\u00e3o apresentou brevemente a estrutura dispon\u00edvel e as necessidades previstas para o refor\u00e7o das a\u00e7\u00f5es. De acordo com o coronel Erisvaldo Alves, subchefe do Estado Maior do Corpo de Bombeiros Militar do Tocantins, \u00e9 necess\u00e1rio formar e treinar aproximadamente 500 brigadistas municipais civis e contratar mais 140 profissionais para atuarem em conjunto com os bombeiros militares. Al\u00e9m disso, h\u00e1 a necessidade de adquirir equipamentos de combate e controle, ve\u00edculos de suporte \u00e0s brigadas, infraestrutura de alojamento nos munic\u00edpios, bem como recursos para gastos com alimenta\u00e7\u00e3o e combust\u00edvel.<\/p>\n\n\n\n<p>O coronel Erisvaldo relembrou o cen\u00e1rio clim\u00e1tico cr\u00edtico enfrentado pelo Tocantins \u2013 e pelo pa\u00eds \u2013, no ano passado, quando foram registrados 16.545 focos de calor, em compara\u00e7\u00e3o com 9.641 em 2023. Esse n\u00famero fez com que o Tocantins, juntamente com o Par\u00e1 e o Mato Grosso, respondesse por mais da metade (55%) da \u00e1rea queimada no pa\u00eds. \u201cPrecisamos de mais investimentos para conseguir refor\u00e7ar e ampliar as nossas &nbsp;a\u00e7\u00f5es\u201d, defendeu.<\/p>\n\n\n\n<p>O diretor de Biodiversidade e \u00c1reas Protegidas do Naturatins, Damir da Silva Jorge, ressaltou a import\u00e2ncia de atuar, sobretudo, com a\u00e7\u00f5es de educa\u00e7\u00e3o ambiental junto a produtores rurais, assentamentos e comunidades ind\u00edgenas. \u201cEsse trabalho pode ser integrado ao programa Foco no Fogo, atuando principalmente em regi\u00f5es cr\u00edticas, como a \u00c1rea de Prote\u00e7\u00e3o Ambiental Ilha do Bananal\/Cant\u00e3o\u201d, completou.<\/p>\n\n\n\n<p>Uma nova reuni\u00e3o ficou agendada para a pr\u00f3xima semana, com data a ser definida, para que cada \u00f3rg\u00e3o possa apresentar seu planejamento de a\u00e7\u00f5es de forma integrada.<\/p>\n\n\n\n<p>A reuni\u00e3o contou ainda com a presen\u00e7a da superintendente da coronel Andreya de F\u00e1tima Bueno, comandante de a\u00e7\u00f5es de Defesa Civil Estadual e do diretor executivo Tenente-coronel Benvindo Filho Pinto de Queiroz.<\/p>\n\n\n\n<p><img src=\"https:\/\/central.to.gov.br\/image\/411629?w=670&amp;h=383\"><\/p>\n\n\n\n<p>Marcello Lelis destaca a import\u00e2ncia do planejamento integrado para enfrentar os desafios do fogo e garantir uma temporada mais segura em 2025 &#8211; Marcel de Paula\/Governo do Tocantins&nbsp;<a href=\"https:\/\/central.to.gov.br\/image\/411629?f=1\" target=\"_blank\" rel=\"noreferrer noopener\"><em>file_download<\/em><\/a><\/p>\n","protected":false},"excerpt":{"rendered":"<p>Atendendo a uma determina\u00e7\u00e3o do governador Wanderlei Barbosa, o secret\u00e1rio do Meio Ambiente e Recursos H\u00eddricos, Marcello Lelis, reuniu os \u00f3rg\u00e3os ambientais respons\u00e1veis pelo combate ao fogo para dar in\u00edcio ao planejamento das a\u00e7\u00f5es de preven\u00e7\u00e3o e combate aos inc\u00eandios florestais deste ano. O encontro, realizado na sala do Centro de Intelig\u00eancia Geogr\u00e1fica em Gest\u00e3o [&hellip;]<\/p>\n","protected":false},"author":2,"featured_media":21336,"comment_status":"open","ping_status":"open","sticky":false,"template":"","format":"standard","meta":[],"categories":[3],"tags":[13],"_links":{"self":[{"href":"https:\/\/dgospel.com.br\/portal\/index.php\/wp-json\/wp\/v2\/posts\/21335"}],"collection":[{"href":"https:\/\/dgospel.com.br\/portal\/index.php\/wp-json\/wp\/v2\/posts"}],"about":[{"href":"https:\/\/dgospel.com.br\/portal\/index.php\/wp-json\/wp\/v2\/types\/post"}],"author":[{"embeddable":true,"href":"https:\/\/dgospel.com.br\/portal\/index.php\/wp-json\/wp\/v2\/users\/2"}],"replies":[{"embeddable":true,"href":"https:\/\/dgospel.com.br\/portal\/index.php\/wp-json\/wp\/v2\/comments?post=21335"}],"version-history":[{"count":1,"href":"https:\/\/dgospel.com.br\/portal\/index.php\/wp-json\/wp\/v2\/posts\/21335\/revisions"}],"predecessor-version":[{"id":21337,"href":"https:\/\/dgospel.com.br\/portal\/index.php\/wp-json\/wp\/v2\/posts\/21335\/revisions\/21337"}],"wp:featuredmedia":[{"embeddable":true,"href":"https:\/\/dgospel.com.br\/portal\/index.php\/wp-json\/wp\/v2\/media\/21336"}],"wp:attachment":[{"href":"https:\/\/dgospel.com.br\/portal\/index.php\/wp-json\/wp\/v2\/media?parent=21335"}],"wp:term":[{"taxonomy":"category","embeddable":true,"href":"https:\/\/dgospel.com.br\/portal\/index.php\/wp-json\/wp\/v2\/categories?post=21335"},{"taxonomy":"post_tag","embeddable":true,"href":"https:\/\/dgospel.com.br\/portal\/index.php\/wp-json\/wp\/v2\/tags?post=21335"}],"curies":[{"name":"wp","href":"https:\/\/api.w.org\/{rel}","templated":true}]}}