{"id":21349,"date":"2025-02-05T09:42:28","date_gmt":"2025-02-05T12:42:28","guid":{"rendered":"https:\/\/dgospel.com.br\/portal\/?p=21349"},"modified":"2025-02-05T09:42:29","modified_gmt":"2025-02-05T12:42:29","slug":"projeto-de-jorge-seif-contra-linguagem-neutra-avanca-no-senado","status":"publish","type":"post","link":"https:\/\/dgospel.com.br\/portal\/index.php\/2025\/02\/05\/projeto-de-jorge-seif-contra-linguagem-neutra-avanca-no-senado\/","title":{"rendered":"Projeto de Jorge Seif contra linguagem neutra avan\u00e7a no Senado"},"content":{"rendered":"\n<p>O Projeto de Lei do senador Jorge Seif (PL-SC), que prop\u00f5e a proibi\u00e7\u00e3o da linguagem neutra, est\u00e1 entre as prioridades do Senado Federal neste ano. A proposta, em tramita\u00e7\u00e3o desde 2023, est\u00e1 pronta para ser analisada na Comiss\u00e3o de Constitui\u00e7\u00e3o e Justi\u00e7a (CCJ), \u00faltima etapa antes da vota\u00e7\u00e3o em plen\u00e1rio.<\/p>\n\n\n\n<p>Para Seif, o projeto tem como objetivo preservar a norma culta da l\u00edngua portuguesa e evitar o que ele classifica como uma descaracteriza\u00e7\u00e3o do idioma oficial do Brasil.<\/p>\n\n\n\n<p><em>\u201cA norma padr\u00e3o adota determinadas regras que n\u00e3o podem ser arbitrariamente alteradas, sob o risco de descaracteriza\u00e7\u00e3o de nosso idioma. Al\u00e9m disso, o uso da linguagem neutra \u00e9 um verdadeiro ataque \u00e0 nossa cultura e gera uma confus\u00e3o de crit\u00e9rios que pode acarretar dificuldades na aprendizagem\u201d<\/em>, afirmou o senador.<\/p>\n\n\n\n<p>O texto prev\u00ea a proibi\u00e7\u00e3o do uso da linguagem neutra em documentos oficiais, materiais did\u00e1ticos e comunica\u00e7\u00f5es institucionais. O tema \u00e9 pol\u00eamico e gera debates entre aqueles que defendem a inclus\u00e3o lingu\u00edstica e os que argumentam que mudan\u00e7as na gram\u00e1tica podem prejudicar a aprendizagem e a comunica\u00e7\u00e3o.<\/p>\n\n\n\n<p>A \u00edntegra do projeto pode ser acessada&nbsp;<a href=\"https:\/\/legis.senado.leg.br\/sdleg-getter\/documento?dm=9280079&amp;ts=1730187793412&amp;rendition_principal=S&amp;disposition=inline\">aqui<\/a>.<\/p>\n","protected":false},"excerpt":{"rendered":"<p>O Projeto de Lei do senador Jorge Seif (PL-SC), que prop\u00f5e a proibi\u00e7\u00e3o da linguagem neutra, est\u00e1 entre as prioridades do Senado Federal neste ano. A proposta, em tramita\u00e7\u00e3o desde 2023, est\u00e1 pronta para ser analisada na Comiss\u00e3o de Constitui\u00e7\u00e3o e Justi\u00e7a (CCJ), \u00faltima etapa antes da vota\u00e7\u00e3o em plen\u00e1rio. Para Seif, o projeto tem [&hellip;]<\/p>\n","protected":false},"author":2,"featured_media":21350,"comment_status":"open","ping_status":"open","sticky":false,"template":"","format":"standard","meta":[],"categories":[8],"tags":[],"_links":{"self":[{"href":"https:\/\/dgospel.com.br\/portal\/index.php\/wp-json\/wp\/v2\/posts\/21349"}],"collection":[{"href":"https:\/\/dgospel.com.br\/portal\/index.php\/wp-json\/wp\/v2\/posts"}],"about":[{"href":"https:\/\/dgospel.com.br\/portal\/index.php\/wp-json\/wp\/v2\/types\/post"}],"author":[{"embeddable":true,"href":"https:\/\/dgospel.com.br\/portal\/index.php\/wp-json\/wp\/v2\/users\/2"}],"replies":[{"embeddable":true,"href":"https:\/\/dgospel.com.br\/portal\/index.php\/wp-json\/wp\/v2\/comments?post=21349"}],"version-history":[{"count":1,"href":"https:\/\/dgospel.com.br\/portal\/index.php\/wp-json\/wp\/v2\/posts\/21349\/revisions"}],"predecessor-version":[{"id":21351,"href":"https:\/\/dgospel.com.br\/portal\/index.php\/wp-json\/wp\/v2\/posts\/21349\/revisions\/21351"}],"wp:featuredmedia":[{"embeddable":true,"href":"https:\/\/dgospel.com.br\/portal\/index.php\/wp-json\/wp\/v2\/media\/21350"}],"wp:attachment":[{"href":"https:\/\/dgospel.com.br\/portal\/index.php\/wp-json\/wp\/v2\/media?parent=21349"}],"wp:term":[{"taxonomy":"category","embeddable":true,"href":"https:\/\/dgospel.com.br\/portal\/index.php\/wp-json\/wp\/v2\/categories?post=21349"},{"taxonomy":"post_tag","embeddable":true,"href":"https:\/\/dgospel.com.br\/portal\/index.php\/wp-json\/wp\/v2\/tags?post=21349"}],"curies":[{"name":"wp","href":"https:\/\/api.w.org\/{rel}","templated":true}]}}