{"id":21352,"date":"2025-02-05T09:51:17","date_gmt":"2025-02-05T12:51:17","guid":{"rendered":"https:\/\/dgospel.com.br\/portal\/?p=21352"},"modified":"2025-02-05T09:51:19","modified_gmt":"2025-02-05T12:51:19","slug":"pedido-de-impeachment-contra-lula-reune-130-assinaturas","status":"publish","type":"post","link":"https:\/\/dgospel.com.br\/portal\/index.php\/2025\/02\/05\/pedido-de-impeachment-contra-lula-reune-130-assinaturas\/","title":{"rendered":"Pedido de impeachment contra Lula re\u00fane 130 assinaturas"},"content":{"rendered":"\n<p>A oposi\u00e7\u00e3o alcan\u00e7ou o apoio de 130 deputados para um pedido de impeachment contra o presidente Luiz In\u00e1cio Lula da Silva. Liderada pelo deputado Rodolfo Nogueira (PL-MS), a iniciativa acusa o governo de cometer uma \u201cpedalada fiscal\u201d ao bloquear recursos do programa P\u00e9-de-Meia, no valor de mais de R$ 6 bilh\u00f5es. A medida, j\u00e1 alvo de bloqueio pelo Tribunal de Contas da Uni\u00e3o (TCU), \u00e9 contestada judicialmente pelo governo, que busca reverter a decis\u00e3o.<\/p>\n\n\n\n<p>O grupo que apoia o pedido inclui parlamentares de partidos da base do governo, como Uni\u00e3o Brasil, PSD, PP, MDB e Republicanos. No entanto, a maioria dos signat\u00e1rios \u00e9 do PL, partido do ex-presidente Jair Bolsonaro. Deputados do Podemos, Cidadania, Novo, PRD e PSDB, bem como representantes das bancadas evang\u00e9lica e do agroneg\u00f3cio, tamb\u00e9m assinaram a lista.<\/p>\n\n\n\n<p>Apesar do n\u00famero expressivo de ades\u00f5es, o pedido ainda n\u00e3o foi protocolado oficialmente, e o andamento do processo depende exclusivamente do presidente da C\u00e2mara, Hugo Motta (Republicanos-PB), que assumiu o cargo no \u00faltimo s\u00e1bado (1\u00ba). Motta ter\u00e1 a responsabilidade de decidir se aceita dar prosseguimento ao pedido ou se o arquivar\u00e1.<\/p>\n\n\n\n<p>O cen\u00e1rio atual remete ao impeachment da ex-presidente Dilma Rousseff, que avan\u00e7ou ap\u00f3s o ent\u00e3o presidente da C\u00e2mara, Eduardo Cunha, permitir a tramita\u00e7\u00e3o do processo. Naquela ocasi\u00e3o, Dilma enfrentava alta rejei\u00e7\u00e3o popular, com apenas 10% de aprova\u00e7\u00e3o.<\/p>\n\n\n\n<p>Nesta segunda-feira, Hugo Motta reuniu-se com o presidente Lula e, segundo fontes pr\u00f3ximas, indicou disposi\u00e7\u00e3o para dialogar com o governo. Contudo, ainda n\u00e3o h\u00e1 sinaliza\u00e7\u00f5es concretas sobre sua decis\u00e3o quanto ao pedido de impeachment.<\/p>\n\n\n\n<p><\/p>\n","protected":false},"excerpt":{"rendered":"<p>A oposi\u00e7\u00e3o alcan\u00e7ou o apoio de 130 deputados para um pedido de impeachment contra o presidente Luiz In\u00e1cio Lula da Silva. Liderada pelo deputado Rodolfo Nogueira (PL-MS), a iniciativa acusa o governo de cometer uma \u201cpedalada fiscal\u201d ao bloquear recursos do programa P\u00e9-de-Meia, no valor de mais de R$ 6 bilh\u00f5es. A medida, j\u00e1 alvo [&hellip;]<\/p>\n","protected":false},"author":2,"featured_media":21353,"comment_status":"open","ping_status":"open","sticky":false,"template":"","format":"standard","meta":[],"categories":[4],"tags":[],"_links":{"self":[{"href":"https:\/\/dgospel.com.br\/portal\/index.php\/wp-json\/wp\/v2\/posts\/21352"}],"collection":[{"href":"https:\/\/dgospel.com.br\/portal\/index.php\/wp-json\/wp\/v2\/posts"}],"about":[{"href":"https:\/\/dgospel.com.br\/portal\/index.php\/wp-json\/wp\/v2\/types\/post"}],"author":[{"embeddable":true,"href":"https:\/\/dgospel.com.br\/portal\/index.php\/wp-json\/wp\/v2\/users\/2"}],"replies":[{"embeddable":true,"href":"https:\/\/dgospel.com.br\/portal\/index.php\/wp-json\/wp\/v2\/comments?post=21352"}],"version-history":[{"count":1,"href":"https:\/\/dgospel.com.br\/portal\/index.php\/wp-json\/wp\/v2\/posts\/21352\/revisions"}],"predecessor-version":[{"id":21354,"href":"https:\/\/dgospel.com.br\/portal\/index.php\/wp-json\/wp\/v2\/posts\/21352\/revisions\/21354"}],"wp:featuredmedia":[{"embeddable":true,"href":"https:\/\/dgospel.com.br\/portal\/index.php\/wp-json\/wp\/v2\/media\/21353"}],"wp:attachment":[{"href":"https:\/\/dgospel.com.br\/portal\/index.php\/wp-json\/wp\/v2\/media?parent=21352"}],"wp:term":[{"taxonomy":"category","embeddable":true,"href":"https:\/\/dgospel.com.br\/portal\/index.php\/wp-json\/wp\/v2\/categories?post=21352"},{"taxonomy":"post_tag","embeddable":true,"href":"https:\/\/dgospel.com.br\/portal\/index.php\/wp-json\/wp\/v2\/tags?post=21352"}],"curies":[{"name":"wp","href":"https:\/\/api.w.org\/{rel}","templated":true}]}}