{"id":21355,"date":"2025-02-05T09:59:57","date_gmt":"2025-02-05T12:59:57","guid":{"rendered":"https:\/\/dgospel.com.br\/portal\/?p=21355"},"modified":"2025-02-05T10:04:04","modified_gmt":"2025-02-05T13:04:04","slug":"covid-explode-no-brasil-e-tem-aumento-de-68-nos-casos-em-janeiro","status":"publish","type":"post","link":"https:\/\/dgospel.com.br\/portal\/index.php\/2025\/02\/05\/covid-explode-no-brasil-e-tem-aumento-de-68-nos-casos-em-janeiro\/","title":{"rendered":"Covid explode no Brasil e tem aumento de 68% nos casos em janeiro"},"content":{"rendered":"\n<p>Em janeiro de 2025, o Brasil registrou o maior n\u00famero de casos de Covid dos \u00faltimos dez meses, com 23.512 diagn\u00f3sticos somente na terceira semana do m\u00eas, conforme dados do Minist\u00e9rio da Sa\u00fade.<\/p>\n\n\n\n<p>O aumento no n\u00famero de casos come\u00e7ou nas \u00faltimas semanas de 2024 e se intensificou em janeiro de 2025. Em rela\u00e7\u00e3o a dezembro, houve um crescimento de 68% nos diagn\u00f3sticos, totalizando 72.846 casos no m\u00eas. O \u00faltimo grande pico foi registrado em mar\u00e7o de 2024.<\/p>\n\n\n\n<p>Al\u00e9m disso, o n\u00famero de mortes tamb\u00e9m subiu. Entre as tr\u00eas e quatro semanas de janeiro, foram contabilizados 310 \u00f3bitos. Esse aumento refor\u00e7a a necessidade de vacina\u00e7\u00e3o e de ado\u00e7\u00e3o de medidas preventivas, especialmente para grupos vulner\u00e1veis.<\/p>\n\n\n\n<p>O infectologista Werciley Saraiva Vieira Junior alerta que os sintomas da Covid continuam semelhantes aos de resfriado e gripe, como febre, tosse seca, cansa\u00e7o e dor de garganta. Diarreia e chiado no peito tamb\u00e9m s\u00e3o comuns. A recomenda\u00e7\u00e3o \u00e9 realizar o teste entre o terceiro e o quinto dia ap\u00f3s os primeiros sintomas.<\/p>\n\n\n\n<p>A principal medida de preven\u00e7\u00e3o contra formas graves da doen\u00e7a \u00e9 a vacina\u00e7\u00e3o. O Minist\u00e9rio da Sa\u00fade tamb\u00e9m recomenda o uso de m\u00e1scaras em locais fechados, higieniza\u00e7\u00e3o das m\u00e3os e manter ambientes ventilados.<\/p>\n\n\n\n<p>Para saber se o calend\u00e1rio de vacina\u00e7\u00e3o est\u00e1 em dia, basta acessar o aplicativo ConecteSUS, que registra o hist\u00f3rico de imuniza\u00e7\u00e3o.<\/p>\n","protected":false},"excerpt":{"rendered":"<p>Em janeiro de 2025, o Brasil registrou o maior n\u00famero de casos de Covid dos \u00faltimos dez meses, com 23.512 diagn\u00f3sticos somente na terceira semana do m\u00eas, conforme dados do Minist\u00e9rio da Sa\u00fade. O aumento no n\u00famero de casos come\u00e7ou nas \u00faltimas semanas de 2024 e se intensificou em janeiro de 2025. Em rela\u00e7\u00e3o a [&hellip;]<\/p>\n","protected":false},"author":2,"featured_media":21356,"comment_status":"open","ping_status":"open","sticky":false,"template":"","format":"standard","meta":[],"categories":[4],"tags":[],"_links":{"self":[{"href":"https:\/\/dgospel.com.br\/portal\/index.php\/wp-json\/wp\/v2\/posts\/21355"}],"collection":[{"href":"https:\/\/dgospel.com.br\/portal\/index.php\/wp-json\/wp\/v2\/posts"}],"about":[{"href":"https:\/\/dgospel.com.br\/portal\/index.php\/wp-json\/wp\/v2\/types\/post"}],"author":[{"embeddable":true,"href":"https:\/\/dgospel.com.br\/portal\/index.php\/wp-json\/wp\/v2\/users\/2"}],"replies":[{"embeddable":true,"href":"https:\/\/dgospel.com.br\/portal\/index.php\/wp-json\/wp\/v2\/comments?post=21355"}],"version-history":[{"count":1,"href":"https:\/\/dgospel.com.br\/portal\/index.php\/wp-json\/wp\/v2\/posts\/21355\/revisions"}],"predecessor-version":[{"id":21357,"href":"https:\/\/dgospel.com.br\/portal\/index.php\/wp-json\/wp\/v2\/posts\/21355\/revisions\/21357"}],"wp:featuredmedia":[{"embeddable":true,"href":"https:\/\/dgospel.com.br\/portal\/index.php\/wp-json\/wp\/v2\/media\/21356"}],"wp:attachment":[{"href":"https:\/\/dgospel.com.br\/portal\/index.php\/wp-json\/wp\/v2\/media?parent=21355"}],"wp:term":[{"taxonomy":"category","embeddable":true,"href":"https:\/\/dgospel.com.br\/portal\/index.php\/wp-json\/wp\/v2\/categories?post=21355"},{"taxonomy":"post_tag","embeddable":true,"href":"https:\/\/dgospel.com.br\/portal\/index.php\/wp-json\/wp\/v2\/tags?post=21355"}],"curies":[{"name":"wp","href":"https:\/\/api.w.org\/{rel}","templated":true}]}}