{"id":21363,"date":"2025-02-06T10:03:10","date_gmt":"2025-02-06T13:03:10","guid":{"rendered":"https:\/\/dgospel.com.br\/portal\/?p=21363"},"modified":"2025-02-06T10:03:11","modified_gmt":"2025-02-06T13:03:11","slug":"perseguicao-apos-substituir-carnaval-por-evento-gospel-prefeita-vai-parar-na-justica","status":"publish","type":"post","link":"https:\/\/dgospel.com.br\/portal\/index.php\/2025\/02\/06\/perseguicao-apos-substituir-carnaval-por-evento-gospel-prefeita-vai-parar-na-justica\/","title":{"rendered":"Persegui\u00e7\u00e3o? Ap\u00f3s substituir Carnaval por evento gospel, prefeita vai parar na Justi\u00e7a"},"content":{"rendered":"\n<p>O juiz Marcelo Moraes R\u00eago de Souza determinou que a Prefeitura de Z\u00e9 Doca e a prefeita Flavinha Cunha (PL) apresentem justificativa para a substitui\u00e7\u00e3o do Carnaval por um festival gospel no munic\u00edpio do Maranh\u00e3o.<\/p>\n\n\n\n<p>A decis\u00e3o ocorre ap\u00f3s a a\u00e7\u00e3o popular movida pelo advogado Jean Menezes de Aguiar, que solicitou o cancelamento do evento \u201cAdora Z\u00e9 Doca\u201d, previsto para os dias 1 e 4 de mar\u00e7o.<\/p>\n\n\n\n<p>O magistrado da 1\u00aa Vara de Z\u00e9 Doca tamb\u00e9m intimou o Minist\u00e9rio P\u00fablico do Maranh\u00e3o (MP-MA) para se manifestar sobre a quest\u00e3o. Apenas ap\u00f3s essa an\u00e1lise, o juiz poder\u00e1 decidir sobre a concess\u00e3o de uma liminar para suspender a realiza\u00e7\u00e3o do festival.<\/p>\n\n\n\n<p>Em nota enviada ao portal UOL, o MP-MA informou que o promotor de Z\u00e9 Doca, Frederico Bianchini Joviano dos Santos, requisitou documenta\u00e7\u00e3o sobre os custos e processos administrativos relacionados ao evento, incluindo valores e contratos dos artistas.<\/p>\n\n\n\n<p>Enquanto o processo judicial segue em andamento, a&nbsp;<a href=\"https:\/\/noticias.gospelmais.com\/vereador-proibir-simbolos-cristaos-parada-lgbt-174537.html\">prefeita<\/a>&nbsp;Flavinha Cunha tem promovido as atra\u00e7\u00f5es do festival, que contar\u00e1 com artistas do cen\u00e1rio gospel, como Maria Mar\u00e7al, a banda Morada e o cantor Gerson Rufino.<\/p>\n\n\n\n<p>Conforme apura\u00e7\u00e3o do UOL, cinco artistas j\u00e1 foram contratados, e os pagamentos somam mais de R$ 600 mil. Tamb\u00e9m est\u00e3o confirmados o cantor Kleber Nascimento e o grupo infantil 3 Palavrinhas.<\/p>\n\n\n\n<p>A a\u00e7\u00e3o popular argumenta que o festival fere o princ\u00edpio do Estado laico e representa um caso de \u201cmalversa\u00e7\u00e3o de recursos p\u00fablicos\u201d. O advogado Jean Menezes de Aguiar busca a anula\u00e7\u00e3o do evento e a devolu\u00e7\u00e3o dos valores eventualmente gastos pela administra\u00e7\u00e3o municipal.<\/p>\n\n\n\n<p>No dia 19 de janeiro, a prefeita divulgou oficialmente o festival em suas redes sociais, ao lado do deputado federal Josimar Maranh\u00e3ozinho (PL). Apesar da pol\u00eamica envolvendo o cancelamento do Carnaval, a prefeitura manteve a programa\u00e7\u00e3o de um baile carnavalesco nos dias 21, 22 e 23 de fevereiro, com ao menos tr\u00eas atra\u00e7\u00f5es confirmadas. Conforme publica\u00e7\u00e3o no Di\u00e1rio Oficial, os cach\u00eas desses artistas totalizam R$ 850 mil.<\/p>\n\n\n\n<p>Segundo o portal Metr\u00f3poles, no dia 16 de janeiro, a Prefeitura de Z\u00e9 Doca publicou um processo licitat\u00f3rio para a contrata\u00e7\u00e3o de quatro shows para o \u201c1\u00ba Z\u00e9 Doca com Cristo de 2025\u201d e para o pr\u00e9-Carnaval.<\/p>\n\n\n\n<p>A prefeita Flavinha Cunha, eleita em outubro de 2024 com 84,2% dos votos v\u00e1lidos, comemorou a repercuss\u00e3o do festival gospel em suas redes sociais. Em uma das postagens, escreveu: \u201cO Adora Z\u00e9 Doca j\u00e1 \u00e9 not\u00edcia em todo o Brasil. Um projeto que nasceu com esse prop\u00f3sito: agradecer a Deus por todas as conquistas\u201d.<\/p>\n\n\n\n<p>O munic\u00edpio de Z\u00e9 Doca est\u00e1 localizado a 311 km de S\u00e3o Lu\u00eds e possui uma popula\u00e7\u00e3o estimada em 40,8 mil habitantes, de acordo com o Censo do Instituto Brasileiro de Geografia e Estat\u00edstica (IBGE). Com informa\u00e7\u00f5es:&nbsp;<a href=\"https:\/\/www.cnnbrasil.com.br\/politica\/prefeitura-da-cidade-do-maranhao-tem-72h-para-explicar-carnaval-gospel\/\">CNN Brasil.<\/a><\/p>\n","protected":false},"excerpt":{"rendered":"<p>O juiz Marcelo Moraes R\u00eago de Souza determinou que a Prefeitura de Z\u00e9 Doca e a prefeita Flavinha Cunha (PL) apresentem justificativa para a substitui\u00e7\u00e3o do Carnaval por um festival gospel no munic\u00edpio do Maranh\u00e3o. A decis\u00e3o ocorre ap\u00f3s a a\u00e7\u00e3o popular movida pelo advogado Jean Menezes de Aguiar, que solicitou o cancelamento do evento [&hellip;]<\/p>\n","protected":false},"author":2,"featured_media":21364,"comment_status":"open","ping_status":"open","sticky":false,"template":"","format":"standard","meta":[],"categories":[4],"tags":[],"_links":{"self":[{"href":"https:\/\/dgospel.com.br\/portal\/index.php\/wp-json\/wp\/v2\/posts\/21363"}],"collection":[{"href":"https:\/\/dgospel.com.br\/portal\/index.php\/wp-json\/wp\/v2\/posts"}],"about":[{"href":"https:\/\/dgospel.com.br\/portal\/index.php\/wp-json\/wp\/v2\/types\/post"}],"author":[{"embeddable":true,"href":"https:\/\/dgospel.com.br\/portal\/index.php\/wp-json\/wp\/v2\/users\/2"}],"replies":[{"embeddable":true,"href":"https:\/\/dgospel.com.br\/portal\/index.php\/wp-json\/wp\/v2\/comments?post=21363"}],"version-history":[{"count":1,"href":"https:\/\/dgospel.com.br\/portal\/index.php\/wp-json\/wp\/v2\/posts\/21363\/revisions"}],"predecessor-version":[{"id":21365,"href":"https:\/\/dgospel.com.br\/portal\/index.php\/wp-json\/wp\/v2\/posts\/21363\/revisions\/21365"}],"wp:featuredmedia":[{"embeddable":true,"href":"https:\/\/dgospel.com.br\/portal\/index.php\/wp-json\/wp\/v2\/media\/21364"}],"wp:attachment":[{"href":"https:\/\/dgospel.com.br\/portal\/index.php\/wp-json\/wp\/v2\/media?parent=21363"}],"wp:term":[{"taxonomy":"category","embeddable":true,"href":"https:\/\/dgospel.com.br\/portal\/index.php\/wp-json\/wp\/v2\/categories?post=21363"},{"taxonomy":"post_tag","embeddable":true,"href":"https:\/\/dgospel.com.br\/portal\/index.php\/wp-json\/wp\/v2\/tags?post=21363"}],"curies":[{"name":"wp","href":"https:\/\/api.w.org\/{rel}","templated":true}]}}