{"id":21366,"date":"2025-02-07T11:00:11","date_gmt":"2025-02-07T14:00:11","guid":{"rendered":"https:\/\/dgospel.com.br\/portal\/?p=21366"},"modified":"2025-02-07T11:00:13","modified_gmt":"2025-02-07T14:00:13","slug":"lula-sobre-a-alta-dos-alimentos-so-nao-comprar-produtos-caros","status":"publish","type":"post","link":"https:\/\/dgospel.com.br\/portal\/index.php\/2025\/02\/07\/lula-sobre-a-alta-dos-alimentos-so-nao-comprar-produtos-caros\/","title":{"rendered":"Lula sobre a alta dos alimentos: \u201cS\u00f3 n\u00e3o comprar produtos caros\u201d"},"content":{"rendered":"\n<p>O controle dos pre\u00e7os dos alimentos depende da \u201cconscientiza\u00e7\u00e3o\u201d e \u201csabedoria\u201d do povo. \u00c9 o que disse o presidente Luiz In\u00e1cio Lula da Silva (PT), nesta quinta-feira (6), em meio \u00e0 alta de pre\u00e7os dos alimentos. O petista sugeriu ainda que os brasileiros parem de comprar produtos caros.<\/p>\n\n\n\n<p>\u2013 Uma das coisas mais importantes para que a gente possa controlar o pre\u00e7o \u00e9 o pr\u00f3prio povo. Se voc\u00ea vai no supermercado e voc\u00ea desconfia que tal produto est\u00e1 caro, voc\u00ea n\u00e3o compra. Se todo mundo tivesse a consci\u00eancia e n\u00e3o comprar (sic) aquilo que est\u00e1 caro, quem est\u00e1 vendendo vai ter que baixar para vender, sen\u00e3o vai estragar. Isso \u00e9 da sabedoria do ser humano. Esse \u00e9 um processo educacional que n\u00f3s vamos ter que fazer com o povo brasileiro \u2013 afirmou Lula, em entrevista \u00e0s r\u00e1dios Metr\u00f3pole e Sociedade, da Bahia.<\/p>\n\n\n\n<p>Se mostrando otimista, o petista garantiu que o governo est\u00e1 trabalhando para solucionar o problema da infla\u00e7\u00e3o dos alimentos.<\/p>\n\n\n\n<p>\u2013 Estou convencido de que a gente vai resolver esse problema logo, logo \u2013 disse.<\/p>\n\n\n\n<p><strong>\u201cTROCAR A FRUTA\u201d<\/strong><\/p>\n\n\n\n<p>N\u00e3o \u00e9 a primeira grande sugest\u00e3o que o governo Lula d\u00e1 \u00e0 popula\u00e7\u00e3o em rela\u00e7\u00e3o \u00e0 compra de alimentos. Em janeiro, o ministro da Casa Civil, Rui Costa, afirmou que a popula\u00e7\u00e3o pode substituir a laranja por outra fruta se os pre\u00e7os estiverem muito caros. A declara\u00e7\u00e3o foi dada ao falar sobre a possibilidade de o governo reduzir o imposto de importa\u00e7\u00e3o de alimentos que estejam mais caros no Brasil do que no exterior.<\/p>\n\n\n\n<p>\u2013 O pre\u00e7o internacional est\u00e1 t\u00e3o caro como aqui. O que se pode fazer? Mudar a fruta que a gente vai consumir. Em vez da laranja, [pode-se comer] outra fruta. Porque, n\u00e3o adianta voc\u00ea baixar a al\u00edquota, porque n\u00e3o tem produto l\u00e1 fora para colocar aqui dentro. Ent\u00e3o focaremos, evidentemente, no produto que estiver mais barato l\u00e1 fora \u2013 apontou.<\/p>\n\n\n\n<p>A fala do ministro chegou&nbsp;<a href=\"https:\/\/pleno.news\/brasil\/politica-nacional\/web-faz-meme-apos-fala-de-ministro-de-lula-sobre-laranja.html\" target=\"_blank\" rel=\"noreferrer noopener\">a render memes nas redes sociais<\/a>.<\/p>\n","protected":false},"excerpt":{"rendered":"<p>O controle dos pre\u00e7os dos alimentos depende da \u201cconscientiza\u00e7\u00e3o\u201d e \u201csabedoria\u201d do povo. \u00c9 o que disse o presidente Luiz In\u00e1cio Lula da Silva (PT), nesta quinta-feira (6), em meio \u00e0 alta de pre\u00e7os dos alimentos. O petista sugeriu ainda que os brasileiros parem de comprar produtos caros. \u2013 Uma das coisas mais importantes para [&hellip;]<\/p>\n","protected":false},"author":2,"featured_media":21367,"comment_status":"open","ping_status":"open","sticky":false,"template":"","format":"standard","meta":[],"categories":[12,4],"tags":[],"_links":{"self":[{"href":"https:\/\/dgospel.com.br\/portal\/index.php\/wp-json\/wp\/v2\/posts\/21366"}],"collection":[{"href":"https:\/\/dgospel.com.br\/portal\/index.php\/wp-json\/wp\/v2\/posts"}],"about":[{"href":"https:\/\/dgospel.com.br\/portal\/index.php\/wp-json\/wp\/v2\/types\/post"}],"author":[{"embeddable":true,"href":"https:\/\/dgospel.com.br\/portal\/index.php\/wp-json\/wp\/v2\/users\/2"}],"replies":[{"embeddable":true,"href":"https:\/\/dgospel.com.br\/portal\/index.php\/wp-json\/wp\/v2\/comments?post=21366"}],"version-history":[{"count":1,"href":"https:\/\/dgospel.com.br\/portal\/index.php\/wp-json\/wp\/v2\/posts\/21366\/revisions"}],"predecessor-version":[{"id":21368,"href":"https:\/\/dgospel.com.br\/portal\/index.php\/wp-json\/wp\/v2\/posts\/21366\/revisions\/21368"}],"wp:featuredmedia":[{"embeddable":true,"href":"https:\/\/dgospel.com.br\/portal\/index.php\/wp-json\/wp\/v2\/media\/21367"}],"wp:attachment":[{"href":"https:\/\/dgospel.com.br\/portal\/index.php\/wp-json\/wp\/v2\/media?parent=21366"}],"wp:term":[{"taxonomy":"category","embeddable":true,"href":"https:\/\/dgospel.com.br\/portal\/index.php\/wp-json\/wp\/v2\/categories?post=21366"},{"taxonomy":"post_tag","embeddable":true,"href":"https:\/\/dgospel.com.br\/portal\/index.php\/wp-json\/wp\/v2\/tags?post=21366"}],"curies":[{"name":"wp","href":"https:\/\/api.w.org\/{rel}","templated":true}]}}