{"id":21380,"date":"2025-02-07T12:11:20","date_gmt":"2025-02-07T15:11:20","guid":{"rendered":"https:\/\/dgospel.com.br\/portal\/?p=21380"},"modified":"2025-02-07T12:11:22","modified_gmt":"2025-02-07T15:11:22","slug":"wanderlei-barbosa-assina-contrato-de-incentivos-fiscais-com-empresa-que-ira-investir-mais-de-r-370-milhoes-no-tocantins","status":"publish","type":"post","link":"https:\/\/dgospel.com.br\/portal\/index.php\/2025\/02\/07\/wanderlei-barbosa-assina-contrato-de-incentivos-fiscais-com-empresa-que-ira-investir-mais-de-r-370-milhoes-no-tocantins\/","title":{"rendered":"\u00a0Wanderlei Barbosa assina contrato de incentivos fiscais com empresa que ir\u00e1 investir mais de R$ 370 milh\u00f5es no Tocantins"},"content":{"rendered":"\n<p>O governador Wanderlei Barbosa recebeu nesta quinta-feira, 6, o conselheiro administrativo da Granja Faria S.A., Ricardo Castellar,&nbsp;para a assinatura do contrato de incentivos fiscais no \u00e2mbito do complexo agroindustrial, conforme a Lei estadual n\u00ba 1.695\/2006. A empresa possui 301 colaboradores contratados e prev\u00ea a cria\u00e7\u00e3o de mais 47 vagas, al\u00e9m do investimento de mais de R$ 370 milh\u00f5es na economia tocantinense at\u00e9 o ano de 2028. Recentemente, o empreendimento incorporou a planta industrial da Produtora Josidith, em Darcin\u00f3polis, que se tornou a maior do grupo com capacidade de produ\u00e7\u00e3o de 3 milh\u00f5es de ovos por dia.<\/p>\n\n\n\n<p>\u201cO Governo do Estado est\u00e1 empenhado em tornar o Tocantins mais atrativo para investimentos. Nossa vis\u00e3o, a longo prazo, \u00e9 construir um estado desenvolvido e industrializado, conforme preconiza o nosso Programa de Impulsionamento da Ind\u00fastria, Com\u00e9rcio e Servi\u00e7os. Trabalhamos ao lado dos empres\u00e1rios, buscando atrair novos empreendimentos e expandir os j\u00e1 existentes. \u00c9 assim que geraremos mais emprego e renda aos tocantinenses\u201d, afirmou o governador.<\/p>\n\n\n\n<p>O incentivo, na modalidade de implanta\u00e7\u00e3o, foi aprovado na 136\u00aa Reuni\u00e3o Ordin\u00e1ria do Conselho de Desenvolvimento Econ\u00f4mico (CDE).&nbsp;O secret\u00e1rio&nbsp;de Estado da Ind\u00fastria, Com\u00e9rcio e Servi\u00e7os e presidente do Conselho, Carlos Humberto, destacou o papel do CDE no sucesso das pol\u00edticas de desenvolvimento e na concess\u00e3o de incentivos como atra\u00e7\u00e3o de investimentos. \u201cGrandes empresas t\u00eam reconhecido o potencial do nosso estado como um atrativo para investimentos. Sob a gest\u00e3o do governador Wanderlei Barbosa, o Tocantins tem crescido e se consolidado como um importante&nbsp;<em>player<\/em>&nbsp;no cen\u00e1rio nacional. Isso s\u00f3 \u00e9 poss\u00edvel gra\u00e7as \u00e0s pol\u00edticas p\u00fablicas bem planejadas e executadas\u201d, concluiu.<\/p>\n\n\n\n<p>Na ocasi\u00e3o, o empres\u00e1rio&nbsp;Ricardo Castellar&nbsp;reafirmou o motivo da decis\u00e3o de investir no estado. \u201cN\u00f3s continuamos investindo em nossa unidade Iana Tocantins, em Darcin\u00f3polis, porque acreditamos no mercado tocantinense. Sendo um excelente&nbsp;<em>hub<\/em>&nbsp;de distribui\u00e7\u00e3o, vamos gerar mais empregos e desenvolvimento para a economia. Seguimos crescendo com o Tocantins&#8221;, destacou.&nbsp;<\/p>\n\n\n\n<p>Tamb\u00e9m estavam presentes ao encontro para a assinatura do contrato, o presidente da Assembleia Legislativa, Am\u00e9lio Cayres; o deputado federal Carlos Gaguim e os deputados estaduais L\u00e9o Barbosa e Cleiton Cardoso.<\/p>\n\n\n\n<p><img src=\"https:\/\/central.to.gov.br\/image\/412178?w=670&amp;h=383\"><\/p>\n\n\n\n<p>Governador Wanderlei Barbosa refor\u00e7ou que o Governo do Estado est\u00e1 empenhado em tornar o Tocantins mais atrativo para investimentos &#8211; Antonio Gon\u00e7alves\/Governo do Tocantins&nbsp;<a href=\"https:\/\/central.to.gov.br\/image\/412178?f=1\" target=\"_blank\" rel=\"noreferrer noopener\"><em>file_download<\/em><\/a><\/p>\n\n\n\n<p><img src=\"https:\/\/central.to.gov.br\/image\/412179?w=670&amp;h=383\"><\/p>\n\n\n\n<p>Empres\u00e1rio&nbsp;Ricardo Castellar&nbsp;explicou que continua investindo no estado porque acredita no mercado tocantinense &#8211; Adilvan Nogueira\/Governo do Tocantins&nbsp;<a href=\"https:\/\/central.to.gov.br\/image\/412179?f=1\" target=\"_blank\" rel=\"noreferrer noopener\"><em>file_download<\/em><\/a><\/p>\n\n\n\n<p><img src=\"https:\/\/central.to.gov.br\/image\/412180?w=670&amp;h=383\"><\/p>\n\n\n\n<p>Planta industrial da empresa em Darcin\u00f3polis tem capacidade de produ\u00e7\u00e3o de 3 milh\u00f5es de ovos por dia &#8211; Divulga\u00e7\u00e3o&nbsp;<a href=\"https:\/\/central.to.gov.br\/image\/412180?f=1\" target=\"_blank\" rel=\"noreferrer noopener\"><em>file_download<\/em><\/a><\/p>\n","protected":false},"excerpt":{"rendered":"<p>O governador Wanderlei Barbosa recebeu nesta quinta-feira, 6, o conselheiro administrativo da Granja Faria S.A., Ricardo Castellar,&nbsp;para a assinatura do contrato de incentivos fiscais no \u00e2mbito do complexo agroindustrial, conforme a Lei estadual n\u00ba 1.695\/2006. A empresa possui 301 colaboradores contratados e prev\u00ea a cria\u00e7\u00e3o de mais 47 vagas, al\u00e9m do investimento de mais de [&hellip;]<\/p>\n","protected":false},"author":2,"featured_media":21381,"comment_status":"open","ping_status":"open","sticky":false,"template":"","format":"standard","meta":[],"categories":[3],"tags":[13],"_links":{"self":[{"href":"https:\/\/dgospel.com.br\/portal\/index.php\/wp-json\/wp\/v2\/posts\/21380"}],"collection":[{"href":"https:\/\/dgospel.com.br\/portal\/index.php\/wp-json\/wp\/v2\/posts"}],"about":[{"href":"https:\/\/dgospel.com.br\/portal\/index.php\/wp-json\/wp\/v2\/types\/post"}],"author":[{"embeddable":true,"href":"https:\/\/dgospel.com.br\/portal\/index.php\/wp-json\/wp\/v2\/users\/2"}],"replies":[{"embeddable":true,"href":"https:\/\/dgospel.com.br\/portal\/index.php\/wp-json\/wp\/v2\/comments?post=21380"}],"version-history":[{"count":1,"href":"https:\/\/dgospel.com.br\/portal\/index.php\/wp-json\/wp\/v2\/posts\/21380\/revisions"}],"predecessor-version":[{"id":21382,"href":"https:\/\/dgospel.com.br\/portal\/index.php\/wp-json\/wp\/v2\/posts\/21380\/revisions\/21382"}],"wp:featuredmedia":[{"embeddable":true,"href":"https:\/\/dgospel.com.br\/portal\/index.php\/wp-json\/wp\/v2\/media\/21381"}],"wp:attachment":[{"href":"https:\/\/dgospel.com.br\/portal\/index.php\/wp-json\/wp\/v2\/media?parent=21380"}],"wp:term":[{"taxonomy":"category","embeddable":true,"href":"https:\/\/dgospel.com.br\/portal\/index.php\/wp-json\/wp\/v2\/categories?post=21380"},{"taxonomy":"post_tag","embeddable":true,"href":"https:\/\/dgospel.com.br\/portal\/index.php\/wp-json\/wp\/v2\/tags?post=21380"}],"curies":[{"name":"wp","href":"https:\/\/api.w.org\/{rel}","templated":true}]}}