{"id":21386,"date":"2025-02-10T09:36:17","date_gmt":"2025-02-10T12:36:17","guid":{"rendered":"https:\/\/dgospel.com.br\/portal\/?p=21386"},"modified":"2025-02-10T09:36:18","modified_gmt":"2025-02-10T12:36:18","slug":"governo-lula-alerta-alexandre-de-moraes-sobre-riscos-de-prisao-caso-ele-viaje-aos-eua-aponta-veja","status":"publish","type":"post","link":"https:\/\/dgospel.com.br\/portal\/index.php\/2025\/02\/10\/governo-lula-alerta-alexandre-de-moraes-sobre-riscos-de-prisao-caso-ele-viaje-aos-eua-aponta-veja\/","title":{"rendered":"Governo Lula alerta Alexandre de Moraes sobre riscos de pris\u00e3o caso ele viaje aos EUA, aponta Veja"},"content":{"rendered":"\n<p>Interlocutores da \u00e1rea diplom\u00e1tica do governo Lula identificaram poss\u00edveis riscos para o ministro do Supremo Tribunal Federal (STF), Alexandre de Moraes, caso ele viaje aos Estados Unidos. A informa\u00e7\u00e3o foi divulgada pela revista\u00a0<em>Veja<\/em>, que aponta que o alerta foi repassado ao magistrado diante do temor de decis\u00f5es extremas por parte de autoridades americanas, influenciadas por \u2018narrativas bolsonaristas propagadas internacionalmente\u2019.<\/p>\n\n\n\n<p>De acordo com a publica\u00e7\u00e3o, as fontes do governo avaliam que apoiadores do presidente Donald Trump e de Elon Musk poderiam incitar a\u00e7\u00f5es, como uma ordem de pris\u00e3o contra Moraes. O ministro \u00e9 alvo constante de cr\u00edticas desses grupos devido \u00e0s suas decis\u00f5es envolvendo atos antidemocr\u00e1ticos e investiga\u00e7\u00f5es que afetaram apoiadores do ex-presidente Jair Bolsonaro.<\/p>\n\n\n\n<p>\u201cQualquer juiz federal pode mand\u00e1-lo prender, se pisar l\u00e1. Eles querem se vingar do Alexandre\u201d, teria dito \u00e0&nbsp;<em>Veja<\/em>&nbsp;um auxiliar pr\u00f3ximo do presidente Lula. A possibilidade, embora remota, \u00e9 considerada grave o suficiente para acionar um alerta preventivo por parte do governo.<\/p>\n\n\n\n<p>A revista ainda destaca que, para setores bolsonaristas, um epis\u00f3dio como esse seria explorado como uma \u201cgrande vit\u00f3ria\u201d, gerando um \u201ccarnaval midi\u00e1tico\u201d que refor\u00e7aria sua agenda contra o Supremo e a atua\u00e7\u00e3o de Moraes.<\/p>\n\n\n\n<p><a href=\"https:\/\/api.whatsapp.com\/send?text=Governo%20Lula%20alerta%20Alexandre%20de%20Moraes%20sobre%20riscos%20de%20pris%C3%A3o%20caso%20ele%20viaje%20aos%20EUA%2C%20aponta%20Veja%20https%3A%2F%2Fhorabrasilia.com.br%2F2025%2F02%2Fgoverno-lula-alerta-alexandre-de-moraes-sobre-riscos-de-prisao-caso-ele-viaje-aos-eua-aponta-veja%2F\" rel=\"noreferrer noopener\" target=\"_blank\"><\/a><a href=\"https:\/\/telegram.me\/share\/url?url=https%3A%2F%2Fhorabrasilia.com.br%2F2025%2F02%2Fgoverno-lula-alerta-alexandre-de-moraes-sobre-riscos-de-prisao-caso-ele-viaje-aos-eua-aponta-veja%2F&amp;text=Governo%20Lula%20alerta%20Alexandre%20de%20Moraes%20sobre%20riscos%20de%20pris%C3%A3o%20caso%20ele%20viaje%20aos%20EUA%2C%20aponta%20Veja\" rel=\"noreferrer noopener\" target=\"_blank\"><\/a><a href=\"https:\/\/twitter.com\/intent\/tweet?via=hugojor3&amp;text=Governo%20Lula%20alerta%20Alexandre%20de%20Moraes%20sobre%20riscos%20de%20pris%C3%A3o%20caso%20ele%20viaje%20aos%20EUA%2C%20aponta%20Veja&amp;url=https%3A%2F%2Fhorabrasilia.com.br%2F2025%2F02%2Fgoverno-lula-alerta-alexandre-de-moraes-sobre-riscos-de-prisao-caso-ele-viaje-aos-eua-aponta-veja%2F\" rel=\"noreferrer noopener\" target=\"_blank\"><\/a><a href=\"https:\/\/www.facebook.com\/sharer\/sharer.php?u=https%3A%2F%2Fhorabrasilia.com.br%2F2025%2F02%2Fgoverno-lula-alerta-alexandre-de-moraes-sobre-riscos-de-prisao-caso-ele-viaje-aos-eua-aponta-veja%2F\" rel=\"noreferrer noopener\" target=\"_blank\"><\/a><a href=\"https:\/\/horabrasilia.com.br\/2025\/02\/governo-lula-alerta-alexandre-de-moraes-sobre-riscos-de-prisao-caso-ele-viaje-aos-eua-aponta-veja\/\"><\/a><a href=\"https:\/\/gettr.com\/share?text=Governo%20Lula%20alerta%20Alexandre%20de%20Moraes%20sobre%20riscos%20de%20pris%C3%A3o%20caso%20ele%20viaje%20aos%20EUA%2C%20aponta%20Veja&amp;url=https%3A%2F%2Fhorabrasilia.com.br%2F2025%2F02%2Fgoverno-lula-alerta-alexandre-de-moraes-sobre-riscos-de-prisao-caso-ele-viaje-aos-eua-aponta-veja%2F\" rel=\"noreferrer noopener\" target=\"_blank\"><\/a><a href=\"https:\/\/horabrasilia.com.br\/2025\/02\/governo-lula-alerta-alexandre-de-moraes-sobre-riscos-de-prisao-caso-ele-viaje-aos-eua-aponta-veja\/\"><\/a><\/p>\n","protected":false},"excerpt":{"rendered":"<p>Interlocutores da \u00e1rea diplom\u00e1tica do governo Lula identificaram poss\u00edveis riscos para o ministro do Supremo Tribunal Federal (STF), Alexandre de Moraes, caso ele viaje aos Estados Unidos. A informa\u00e7\u00e3o foi divulgada pela revista\u00a0Veja, que aponta que o alerta foi repassado ao magistrado diante do temor de decis\u00f5es extremas por parte de autoridades americanas, influenciadas por [&hellip;]<\/p>\n","protected":false},"author":2,"featured_media":21387,"comment_status":"open","ping_status":"open","sticky":false,"template":"","format":"standard","meta":[],"categories":[10],"tags":[],"_links":{"self":[{"href":"https:\/\/dgospel.com.br\/portal\/index.php\/wp-json\/wp\/v2\/posts\/21386"}],"collection":[{"href":"https:\/\/dgospel.com.br\/portal\/index.php\/wp-json\/wp\/v2\/posts"}],"about":[{"href":"https:\/\/dgospel.com.br\/portal\/index.php\/wp-json\/wp\/v2\/types\/post"}],"author":[{"embeddable":true,"href":"https:\/\/dgospel.com.br\/portal\/index.php\/wp-json\/wp\/v2\/users\/2"}],"replies":[{"embeddable":true,"href":"https:\/\/dgospel.com.br\/portal\/index.php\/wp-json\/wp\/v2\/comments?post=21386"}],"version-history":[{"count":1,"href":"https:\/\/dgospel.com.br\/portal\/index.php\/wp-json\/wp\/v2\/posts\/21386\/revisions"}],"predecessor-version":[{"id":21388,"href":"https:\/\/dgospel.com.br\/portal\/index.php\/wp-json\/wp\/v2\/posts\/21386\/revisions\/21388"}],"wp:featuredmedia":[{"embeddable":true,"href":"https:\/\/dgospel.com.br\/portal\/index.php\/wp-json\/wp\/v2\/media\/21387"}],"wp:attachment":[{"href":"https:\/\/dgospel.com.br\/portal\/index.php\/wp-json\/wp\/v2\/media?parent=21386"}],"wp:term":[{"taxonomy":"category","embeddable":true,"href":"https:\/\/dgospel.com.br\/portal\/index.php\/wp-json\/wp\/v2\/categories?post=21386"},{"taxonomy":"post_tag","embeddable":true,"href":"https:\/\/dgospel.com.br\/portal\/index.php\/wp-json\/wp\/v2\/tags?post=21386"}],"curies":[{"name":"wp","href":"https:\/\/api.w.org\/{rel}","templated":true}]}}