{"id":21396,"date":"2025-02-10T09:49:38","date_gmt":"2025-02-10T12:49:38","guid":{"rendered":"https:\/\/dgospel.com.br\/portal\/?p=21396"},"modified":"2025-02-10T09:49:38","modified_gmt":"2025-02-10T12:49:38","slug":"governo-lula-gasta-r-11-milhao-com-anuncios-na-meta-em-apenas-1-mes","status":"publish","type":"post","link":"https:\/\/dgospel.com.br\/portal\/index.php\/2025\/02\/10\/governo-lula-gasta-r-11-milhao-com-anuncios-na-meta-em-apenas-1-mes\/","title":{"rendered":"Governo Lula gasta R$ 1,1 milh\u00e3o com an\u00fancios na Meta, em apenas 1 m\u00eas"},"content":{"rendered":"\n<p>A Secretaria de Comunica\u00e7\u00e3o Social (Secom) de Lula gastou R$ 1.115.718 em um m\u00eas com o objetivo de impulsionar conte\u00fados nos perfis oficiais do governo Lula no Instagram e no Facebook.<\/p>\n\n\n\n<p>Segundo dados da Biblioteca de An\u00fancios da Meta, e levantados pelo Poder360, esse valor foi investido entre 6 de janeiro e 4 de fevereiro deste ano, financiando 48 publicidades.<\/p>\n\n\n\n<p>Desses an\u00fancios, 18 apresentam o r\u00f3tulo de identifica\u00e7\u00e3o do Governo do Brasil, totalizando R$ 987.632, o que representa a maior parte dos investimentos no per\u00edodo analisado. Os conte\u00fados promovidos abordam temas como agroneg\u00f3cio, redu\u00e7\u00e3o do desemprego, combate \u00e0 fome e educa\u00e7\u00e3o.<\/p>\n\n\n\n<p>Al\u00e9m disso, 30 postagens foram impulsionadas para divulgar o programa Acredita, voltado para cr\u00e9dito e renegocia\u00e7\u00e3o de d\u00edvidas de pequenos neg\u00f3cios. Para essa iniciativa, foram aplicados R$ 128.086, direcionados a microempresas, microempreendedores individuais (MEIs) e empresas de pequeno porte.<\/p>\n\n\n\n<p>O programa, lan\u00e7ado em dezembro, foi novamente promovido a partir de 8 de janeiro, ap\u00f3s a Receita Federal anunciar que passaria a fiscalizar transfer\u00eancias via Pix superiores a R$ 5.000 para pessoas f\u00edsicas. Essa medida gerou insatisfa\u00e7\u00e3o entre a popula\u00e7\u00e3o, especialmente entre pequenos comerciantes e trabalhadores informais que recebiam pagamentos digitais, mas ficavam fora do radar fiscal.<\/p>\n\n\n\n<p>Com a implementa\u00e7\u00e3o do novo sistema, aqueles que se enquadrassem na faixa de renda sujeita ao Imposto de Renda de Pessoa F\u00edsica (IRPF) seriam contatados para cobran\u00e7as.<\/p>\n\n\n\n<p>A medida acabou minando ainda mais a credibilidade do governo federal, que revogou a norma em 15 de janeiro. A Secom enviou uma declara\u00e7\u00e3o ao Poder360, explicando que a utiliza\u00e7\u00e3o de dois r\u00f3tulos \u00e9 devido \u00e0 limita\u00e7\u00e3o nas contas de an\u00fancio da plataforma, ressaltando que todos os valores s\u00e3o pagos pelo governo por meio da Secretaria de Comunica\u00e7\u00e3o Social.<\/p>\n","protected":false},"excerpt":{"rendered":"<p>A Secretaria de Comunica\u00e7\u00e3o Social (Secom) de Lula gastou R$ 1.115.718 em um m\u00eas com o objetivo de impulsionar conte\u00fados nos perfis oficiais do governo Lula no Instagram e no Facebook. Segundo dados da Biblioteca de An\u00fancios da Meta, e levantados pelo Poder360, esse valor foi investido entre 6 de janeiro e 4 de fevereiro [&hellip;]<\/p>\n","protected":false},"author":2,"featured_media":21397,"comment_status":"open","ping_status":"open","sticky":false,"template":"","format":"standard","meta":[],"categories":[12,4],"tags":[],"_links":{"self":[{"href":"https:\/\/dgospel.com.br\/portal\/index.php\/wp-json\/wp\/v2\/posts\/21396"}],"collection":[{"href":"https:\/\/dgospel.com.br\/portal\/index.php\/wp-json\/wp\/v2\/posts"}],"about":[{"href":"https:\/\/dgospel.com.br\/portal\/index.php\/wp-json\/wp\/v2\/types\/post"}],"author":[{"embeddable":true,"href":"https:\/\/dgospel.com.br\/portal\/index.php\/wp-json\/wp\/v2\/users\/2"}],"replies":[{"embeddable":true,"href":"https:\/\/dgospel.com.br\/portal\/index.php\/wp-json\/wp\/v2\/comments?post=21396"}],"version-history":[{"count":1,"href":"https:\/\/dgospel.com.br\/portal\/index.php\/wp-json\/wp\/v2\/posts\/21396\/revisions"}],"predecessor-version":[{"id":21398,"href":"https:\/\/dgospel.com.br\/portal\/index.php\/wp-json\/wp\/v2\/posts\/21396\/revisions\/21398"}],"wp:featuredmedia":[{"embeddable":true,"href":"https:\/\/dgospel.com.br\/portal\/index.php\/wp-json\/wp\/v2\/media\/21397"}],"wp:attachment":[{"href":"https:\/\/dgospel.com.br\/portal\/index.php\/wp-json\/wp\/v2\/media?parent=21396"}],"wp:term":[{"taxonomy":"category","embeddable":true,"href":"https:\/\/dgospel.com.br\/portal\/index.php\/wp-json\/wp\/v2\/categories?post=21396"},{"taxonomy":"post_tag","embeddable":true,"href":"https:\/\/dgospel.com.br\/portal\/index.php\/wp-json\/wp\/v2\/tags?post=21396"}],"curies":[{"name":"wp","href":"https:\/\/api.w.org\/{rel}","templated":true}]}}