{"id":21399,"date":"2025-02-10T10:23:19","date_gmt":"2025-02-10T13:23:19","guid":{"rendered":"https:\/\/dgospel.com.br\/portal\/?p=21399"},"modified":"2025-02-10T10:23:21","modified_gmt":"2025-02-10T13:23:21","slug":"trump-assina-ordem-executiva-que-cria-orgao-para-combater-o-preconceito-anticristao","status":"publish","type":"post","link":"https:\/\/dgospel.com.br\/portal\/index.php\/2025\/02\/10\/trump-assina-ordem-executiva-que-cria-orgao-para-combater-o-preconceito-anticristao\/","title":{"rendered":"Trump assina ordem executiva que cria \u00f3rg\u00e3o para combater o \u201cpreconceito anticrist\u00e3o\u201d"},"content":{"rendered":"\n<p>O atual presidente dos Estados Unidos,&nbsp;<a href=\"https:\/\/noticias.gospelmais.com\/com-trump-graham-adverte-america-nao-dar-costas-deus-174434.html\">Donald Trump<\/a>, assinou na quinta-feira (6) um decreto voltado ao combate ao que classificou como \u201cpreconceito anticrist\u00e3o\u201d.<\/p>\n\n\n\n<p>A medida estabelece uma for\u00e7a-tarefa com o objetivo de eliminar a\u00e7\u00f5es de discrimina\u00e7\u00e3o e persegui\u00e7\u00e3o contra crist\u00e3os dentro do governo federal. O decreto determina que qualquer conduta considerada ilegal ou inadequada nesse sentido seja identificada e corrigida.<\/p>\n\n\n\n<p>\u201cMinha administra\u00e7\u00e3o n\u00e3o permitir\u00e1 o uso indevido do governo contra crist\u00e3os nem tolerar\u00e1 condutas ilegais direcionadas a eles. A legisla\u00e7\u00e3o garante a liberdade dos americanos e dos grupos religiosos para exercerem sua f\u00e9 em paz, e meu governo far\u00e1 valer essa prote\u00e7\u00e3o. Qualquer pol\u00edtica ou pr\u00e1tica que ataque os crist\u00e3os ser\u00e1 investigada e interrompida\u201d, afirma o documento assinado por Trump.<\/p>\n\n\n\n<p>O ex-presidente j\u00e1 havia anunciado a medida algumas horas antes da assinatura. Durante seu pronunciamento, destacou que a procuradora-geral Pam Bondi, nomeada para liderar a iniciativa, ser\u00e1 respons\u00e1vel por coordenar as a\u00e7\u00f5es da nova for\u00e7a-tarefa.<\/p>\n\n\n\n<p>\u201cHoje, estou assinando um decreto que tornar\u00e1 Pam Bondi \u2014 uma excelente pessoa, ser\u00e1 uma \u00f3tima procuradora-geral \u2014 a chefe da nova for\u00e7a-tarefa para erradicar o preconceito anticrist\u00e3o\u201d, declarou Trump, segundo relato de Betsy Klein, da\u00a0<a href=\"https:\/\/www.cnnbrasil.com.br\/internacional\/trump-assina-decreto-contra-preconceito-anti-cristao-nos-eua\/\">CNN<\/a>.<\/p>\n\n\n\n<h2>Persegui\u00e7\u00e3o<\/h2>\n\n\n\n<p>Em 2024, a persegui\u00e7\u00e3o aos crist\u00e3os atingiu n\u00edveis alarmantes, conforme apontam diversos relat\u00f3rios internacionais. De acordo com a organiza\u00e7\u00e3o Portas Abertas, mais de 365 milh\u00f5es de crist\u00e3os em todo o mundo enfrentam altos n\u00edveis de persegui\u00e7\u00e3o e discrimina\u00e7\u00e3o devido \u00e0 sua f\u00e9, representando um aumento em rela\u00e7\u00e3o aos 360 milh\u00f5es registrados no ano anterior.<\/p>\n\n\n\n<p>A Coreia do Norte mant\u00e9m-se como o pa\u00eds mais perigoso para os crist\u00e3os, seguida pela Som\u00e1lia e L\u00edbia. O n\u00famero de pa\u00edses com persegui\u00e7\u00e3o classificada como extrema aumentou de 11 para 13, com a inclus\u00e3o da S\u00edria e Ar\u00e1bia Saudita nesse n\u00edvel.<br>GUIAME.COM.BR<\/p>\n\n\n\n<p>Os ataques a igrejas, escolas crist\u00e3s e hospitais registraram um aumento significativo, passando de 2.110 incidentes em 2023 para 14.766 em 2024, um crescimento de quase sete vezes. Al\u00e9m disso, o n\u00famero de crist\u00e3os mortos em ataques relacionados \u00e0 f\u00e9 foi de 4.998, embora especialistas acreditem que esse n\u00famero possa ser maior devido a casos n\u00e3o relatados.<\/p>\n\n\n\n<p>Esses dados ressaltam a crescente preocupa\u00e7\u00e3o com a liberdade religiosa e a seguran\u00e7a das comunidades crist\u00e3s em diversas partes do mundo.<\/p>\n","protected":false},"excerpt":{"rendered":"<p>O atual presidente dos Estados Unidos,&nbsp;Donald Trump, assinou na quinta-feira (6) um decreto voltado ao combate ao que classificou como \u201cpreconceito anticrist\u00e3o\u201d. A medida estabelece uma for\u00e7a-tarefa com o objetivo de eliminar a\u00e7\u00f5es de discrimina\u00e7\u00e3o e persegui\u00e7\u00e3o contra crist\u00e3os dentro do governo federal. O decreto determina que qualquer conduta considerada ilegal ou inadequada nesse sentido [&hellip;]<\/p>\n","protected":false},"author":2,"featured_media":21400,"comment_status":"open","ping_status":"open","sticky":false,"template":"","format":"standard","meta":[],"categories":[12,16],"tags":[],"_links":{"self":[{"href":"https:\/\/dgospel.com.br\/portal\/index.php\/wp-json\/wp\/v2\/posts\/21399"}],"collection":[{"href":"https:\/\/dgospel.com.br\/portal\/index.php\/wp-json\/wp\/v2\/posts"}],"about":[{"href":"https:\/\/dgospel.com.br\/portal\/index.php\/wp-json\/wp\/v2\/types\/post"}],"author":[{"embeddable":true,"href":"https:\/\/dgospel.com.br\/portal\/index.php\/wp-json\/wp\/v2\/users\/2"}],"replies":[{"embeddable":true,"href":"https:\/\/dgospel.com.br\/portal\/index.php\/wp-json\/wp\/v2\/comments?post=21399"}],"version-history":[{"count":1,"href":"https:\/\/dgospel.com.br\/portal\/index.php\/wp-json\/wp\/v2\/posts\/21399\/revisions"}],"predecessor-version":[{"id":21401,"href":"https:\/\/dgospel.com.br\/portal\/index.php\/wp-json\/wp\/v2\/posts\/21399\/revisions\/21401"}],"wp:featuredmedia":[{"embeddable":true,"href":"https:\/\/dgospel.com.br\/portal\/index.php\/wp-json\/wp\/v2\/media\/21400"}],"wp:attachment":[{"href":"https:\/\/dgospel.com.br\/portal\/index.php\/wp-json\/wp\/v2\/media?parent=21399"}],"wp:term":[{"taxonomy":"category","embeddable":true,"href":"https:\/\/dgospel.com.br\/portal\/index.php\/wp-json\/wp\/v2\/categories?post=21399"},{"taxonomy":"post_tag","embeddable":true,"href":"https:\/\/dgospel.com.br\/portal\/index.php\/wp-json\/wp\/v2\/tags?post=21399"}],"curies":[{"name":"wp","href":"https:\/\/api.w.org\/{rel}","templated":true}]}}