{"id":2142,"date":"2018-12-21T16:39:45","date_gmt":"2018-12-21T18:39:45","guid":{"rendered":"http:\/\/dgospel.com.br\/portal\/?p=2142"},"modified":"2018-12-21T16:39:45","modified_gmt":"2018-12-21T18:39:45","slug":"defesa-civil-alerta-mesmo-com-probabilidade-de-chuva-os-indices-ultravioletas-uv-se-mantem-altos","status":"publish","type":"post","link":"https:\/\/dgospel.com.br\/portal\/index.php\/2018\/12\/21\/defesa-civil-alerta-mesmo-com-probabilidade-de-chuva-os-indices-ultravioletas-uv-se-mantem-altos\/","title":{"rendered":"Defesa Civil alerta: mesmo com probabilidade de chuva os \u00edndices ultravioletas (UV) se mant\u00eam altos"},"content":{"rendered":"<p class=\"yiv4802332606MsoNormal\">A Defesa Civil de Palmas informa que neste fim de semana a previs\u00e3o \u00e9 de chuva. As probabilidades s\u00e3o de 80%, mesmo assim a temperatura promete ficar alta e pode chegar aos 35\u00b0 C, fazendo com que os \u00edndices de raios ultravioletas (UV) continuem altos.<\/p>\n<p class=\"yiv4802332606MsoNormal\">Nesta sexta-feira, 21, a previs\u00e3o \u00e9 que a temperatura m\u00e1xima atinja a casa dos 36\u00baC e a m\u00ednima 22\u00baC, a probabilidade de chuva \u00e9 m\u00ednima. No s\u00e1bado, 21, o dia come\u00e7a com algumas nuvens, a probabilidade de chuva \u00e9 de 80%. A temperatura m\u00e1xima prevista para o dia \u00e9 35\u00b0C e a m\u00ednima de 22\u00b0. A umidade relativa do ar deve ficar entre 42% e 73%.<\/p>\n<p class=\"yiv4802332606MsoNormal\">No domingo, 23, a temperatura m\u00e1xima prevista \u00e9 de 34\u00baC e a m\u00ednima 22\u00baC. Com probabilidade de chuva em 80%, a umidade relativa do ar deve ficar entre 43% e 93%. E a incid\u00eancia de raios solares durante o fim de semana se mant\u00e9m alt\u00edssima.<\/p>\n<p class=\"yiv4802332606MsoNormal\">O agente da Defesa Civil, Bruno Maciel, alerta que, \u201cmesmo em dias chuvosos, \u00e9 fundamental o uso do protetor solar, para garantir a prote\u00e7\u00e3o contra os raios ultravioletas. Com ou sem chuva, os \u00edndices uv est\u00e3o muito altos\u201d, contou ele.<\/p>\n<p class=\"yiv4802332606MsoNormal\">O boletim divulgado pela Defesa Civil tem como base dados do Centro de Previs\u00e3o de Tempo e Estudos Clim\u00e1ticos (Cptec), do Instituto Nacional de Pesquisas Espaciais (Inpe), do Instituto Nacional de Meteorologia (Inmet), da empresa Climatempo e do N\u00facleo Estadual de Meteorologia e Recursos H\u00eddricos do Tocantins.<\/p>\n","protected":false},"excerpt":{"rendered":"<p>A Defesa Civil de Palmas informa que neste fim de semana a previs\u00e3o \u00e9 de chuva. As probabilidades s\u00e3o de 80%, mesmo assim a temperatura promete ficar alta e pode chegar aos 35\u00b0 C, fazendo com que os \u00edndices de raios ultravioletas (UV) continuem altos. Nesta sexta-feira, 21, a previs\u00e3o \u00e9 que a temperatura m\u00e1xima [&hellip;]<\/p>\n","protected":false},"author":2,"featured_media":2143,"comment_status":"open","ping_status":"open","sticky":false,"template":"","format":"standard","meta":[],"categories":[2,3],"tags":[],"_links":{"self":[{"href":"https:\/\/dgospel.com.br\/portal\/index.php\/wp-json\/wp\/v2\/posts\/2142"}],"collection":[{"href":"https:\/\/dgospel.com.br\/portal\/index.php\/wp-json\/wp\/v2\/posts"}],"about":[{"href":"https:\/\/dgospel.com.br\/portal\/index.php\/wp-json\/wp\/v2\/types\/post"}],"author":[{"embeddable":true,"href":"https:\/\/dgospel.com.br\/portal\/index.php\/wp-json\/wp\/v2\/users\/2"}],"replies":[{"embeddable":true,"href":"https:\/\/dgospel.com.br\/portal\/index.php\/wp-json\/wp\/v2\/comments?post=2142"}],"version-history":[{"count":1,"href":"https:\/\/dgospel.com.br\/portal\/index.php\/wp-json\/wp\/v2\/posts\/2142\/revisions"}],"predecessor-version":[{"id":2144,"href":"https:\/\/dgospel.com.br\/portal\/index.php\/wp-json\/wp\/v2\/posts\/2142\/revisions\/2144"}],"wp:featuredmedia":[{"embeddable":true,"href":"https:\/\/dgospel.com.br\/portal\/index.php\/wp-json\/wp\/v2\/media\/2143"}],"wp:attachment":[{"href":"https:\/\/dgospel.com.br\/portal\/index.php\/wp-json\/wp\/v2\/media?parent=2142"}],"wp:term":[{"taxonomy":"category","embeddable":true,"href":"https:\/\/dgospel.com.br\/portal\/index.php\/wp-json\/wp\/v2\/categories?post=2142"},{"taxonomy":"post_tag","embeddable":true,"href":"https:\/\/dgospel.com.br\/portal\/index.php\/wp-json\/wp\/v2\/tags?post=2142"}],"curies":[{"name":"wp","href":"https:\/\/api.w.org\/{rel}","templated":true}]}}