{"id":21432,"date":"2025-02-18T09:28:54","date_gmt":"2025-02-18T12:28:54","guid":{"rendered":"https:\/\/dgospel.com.br\/portal\/?p=21432"},"modified":"2025-02-18T09:28:56","modified_gmt":"2025-02-18T12:28:56","slug":"evangelicos-no-brasil-serao-36-da-populacao-em-2026-revela-estudo","status":"publish","type":"post","link":"https:\/\/dgospel.com.br\/portal\/index.php\/2025\/02\/18\/evangelicos-no-brasil-serao-36-da-populacao-em-2026-revela-estudo\/","title":{"rendered":"Evang\u00e9licos no Brasil ser\u00e3o 36% da popula\u00e7\u00e3o em 2026, revela estudo"},"content":{"rendered":"\n<p>Um estudo recente revelou que os&nbsp;<a href=\"https:\/\/guiame.com.br\/gospel\/noticias\/brasil-registra-2125-milhoes-de-habitantes-e-aumento-de-evangelicos-segundo-ibge.html\"><strong>evang\u00e9licos<\/strong><\/a>&nbsp;ser\u00e3o 36% da popula\u00e7\u00e3o no&nbsp;<a href=\"https:\/\/guiame.com.br\/gospel\/noticias\/numero-de-evangelicos-deve-ultrapassar-catolicos-no-brasil-partir-de-2032-aponta-estudo\"><strong>Brasil<\/strong><\/a>&nbsp;em 2026. A proje\u00e7\u00e3o foi realizada pela Mar Asset Management, em um levantamento sobre o impacto do crescimento da popula\u00e7\u00e3o evang\u00e9lica nas elei\u00e7\u00f5es.<\/p>\n\n\n\n<p>A pesquisa, divulgada em janeiro, usou os dados da Receita Federal e do Instituto Brasileiro de Geografia e Estat\u00edstica (IBGE) para fazer o c\u00e1lculo.<\/p>\n\n\n\n<p>Em 2010, os evang\u00e9licos representavam 22% da popula\u00e7\u00e3o brasileira, em 2022 o n\u00famero cresceu para 32%. Desde l\u00e1, a propor\u00e7\u00e3o de evang\u00e9licos cresceu em todos os estados.<\/p>\n\n\n\n<p>De 2010 a 2024, n\u00e3o houve estagna\u00e7\u00e3o nem diminui\u00e7\u00e3o de evang\u00e9licos em nenhum estado do Brasil. At\u00e9 o final do ano passado, 74 milh\u00f5es de brasileiros eram evang\u00e9licos.<\/p>\n\n\n\n<p>Os pesquisadores calculam que o n\u00famero de evang\u00e9licos aumentar\u00e1, alcan\u00e7ando 35,8% em 2026.<\/p>\n\n\n\n<p>Segundo as estimativas, alguns estados como Amazonas e Esp\u00edrito Santo, j\u00e1 s\u00e3o majoritariamente evang\u00e9licos.&nbsp;<\/p>\n\n\n\n<p><strong>Crescimento por regi\u00f5es<\/strong><\/p>\n\n\n\n<p>As regi\u00f5es com mais evang\u00e9licos ser\u00e3o as regi\u00f5es Norte (48%) e Centro-Oeste (43%), seguido pelo Sudeste (38%) e Sul (31%). A regi\u00e3o com menor crescimento ser\u00e1 o Nordeste (29%).<\/p>\n\n\n\n<p>O levantamento da Mar Asset tamb\u00e9m registrou tamb\u00e9m o&nbsp;<a href=\"https:\/\/guiame.com.br\/gospel\/noticias\/igrejas-evangelicas-cresceram-543-em-20-anos-no-brasil.html\"><strong>crescimento do n\u00famero de igrejas<\/strong><\/a>&nbsp;evang\u00e9licas.&nbsp;<\/p>\n\n\n\n<p>Na \u00faltima d\u00e9cada, o n\u00famero de templos dobrou, chegando a mais de 140 mil templos no ano passado. Em m\u00e9dia, cerca de 5 mil igrejas foram abertas por ano. Segundo os estudiosos, mais denomina\u00e7\u00f5es evang\u00e9licas ser\u00e3o abertas at\u00e9 2026.<\/p>\n\n\n\n<p>Seguindo uma posi\u00e7\u00e3o pol\u00edtica conservadora mais \u00e0 direita, os evang\u00e9licos est\u00e3o transformando o cen\u00e1rio eleitoral no pa\u00eds, de acordo com a pesquisa.<\/p>\n\n\n\n<p>\u201cOs evang\u00e9licos passaram a avaliar de maneira bem mais positiva o governo Bolsonaro e, negativamente, o governo Lula. Essa diferen\u00e7a vai em linha com as pesquisas de inten\u00e7\u00e3o de voto, que mostraram uma diferen\u00e7a bem grande nas elei\u00e7\u00f5es a partir de 2018 no estrato religioso\u201d, conclu\u00edram os pesquisadores.<\/p>\n","protected":false},"excerpt":{"rendered":"<p>Um estudo recente revelou que os&nbsp;evang\u00e9licos&nbsp;ser\u00e3o 36% da popula\u00e7\u00e3o no&nbsp;Brasil&nbsp;em 2026. A proje\u00e7\u00e3o foi realizada pela Mar Asset Management, em um levantamento sobre o impacto do crescimento da popula\u00e7\u00e3o evang\u00e9lica nas elei\u00e7\u00f5es. A pesquisa, divulgada em janeiro, usou os dados da Receita Federal e do Instituto Brasileiro de Geografia e Estat\u00edstica (IBGE) para fazer o [&hellip;]<\/p>\n","protected":false},"author":2,"featured_media":21433,"comment_status":"open","ping_status":"open","sticky":false,"template":"","format":"standard","meta":[],"categories":[12,5],"tags":[],"_links":{"self":[{"href":"https:\/\/dgospel.com.br\/portal\/index.php\/wp-json\/wp\/v2\/posts\/21432"}],"collection":[{"href":"https:\/\/dgospel.com.br\/portal\/index.php\/wp-json\/wp\/v2\/posts"}],"about":[{"href":"https:\/\/dgospel.com.br\/portal\/index.php\/wp-json\/wp\/v2\/types\/post"}],"author":[{"embeddable":true,"href":"https:\/\/dgospel.com.br\/portal\/index.php\/wp-json\/wp\/v2\/users\/2"}],"replies":[{"embeddable":true,"href":"https:\/\/dgospel.com.br\/portal\/index.php\/wp-json\/wp\/v2\/comments?post=21432"}],"version-history":[{"count":1,"href":"https:\/\/dgospel.com.br\/portal\/index.php\/wp-json\/wp\/v2\/posts\/21432\/revisions"}],"predecessor-version":[{"id":21434,"href":"https:\/\/dgospel.com.br\/portal\/index.php\/wp-json\/wp\/v2\/posts\/21432\/revisions\/21434"}],"wp:featuredmedia":[{"embeddable":true,"href":"https:\/\/dgospel.com.br\/portal\/index.php\/wp-json\/wp\/v2\/media\/21433"}],"wp:attachment":[{"href":"https:\/\/dgospel.com.br\/portal\/index.php\/wp-json\/wp\/v2\/media?parent=21432"}],"wp:term":[{"taxonomy":"category","embeddable":true,"href":"https:\/\/dgospel.com.br\/portal\/index.php\/wp-json\/wp\/v2\/categories?post=21432"},{"taxonomy":"post_tag","embeddable":true,"href":"https:\/\/dgospel.com.br\/portal\/index.php\/wp-json\/wp\/v2\/tags?post=21432"}],"curies":[{"name":"wp","href":"https:\/\/api.w.org\/{rel}","templated":true}]}}